{"id":10886,"date":"2018-09-10T13:42:27","date_gmt":"2018-09-10T11:42:27","guid":{"rendered":"http:\/\/www.banneux-nd.be\/?p=10886"},"modified":"2018-09-10T13:42:27","modified_gmt":"2018-09-10T11:42:27","slug":"michaelstag-in-banneux","status":"publish","type":"post","link":"https:\/\/banneux-nd.be\/de\/michaelstag-in-banneux\/","title":{"rendered":"MICHAELSTAG in Banneux"},"content":{"rendered":"<p style=\"text-align: center;\"><b>Sonntag 30\u00a0<\/b><b>September<\/b> <b>2018<\/b><\/p>\n<p style=\"text-align: center;\"><b>mit Weihbischof\u00a0<\/b><b>Dominik Schwaderlapp<\/b><\/p>\n<p style=\"text-align: center;\"><b>K\u00f6ln<\/b><\/p>\n<p><img fetchpriority=\"high\" decoding=\"async\" class=\"size-medium wp-image-10889 aligncenter\" src=\"https:\/\/banneux-nd.be\/wp-content\/uploads\/2018\/09\/schwaderlapp-dominikus_800x800px_autor-300x300.jpg\" alt=\"\" width=\"300\" height=\"300\" srcset=\"https:\/\/banneux-nd.be\/wp-content\/uploads\/2018\/09\/schwaderlapp-dominikus_800x800px_autor-300x300.jpg 300w, https:\/\/banneux-nd.be\/wp-content\/uploads\/2018\/09\/schwaderlapp-dominikus_800x800px_autor-150x150.jpg 150w, https:\/\/banneux-nd.be\/wp-content\/uploads\/2018\/09\/schwaderlapp-dominikus_800x800px_autor-768x768.jpg 768w, https:\/\/banneux-nd.be\/wp-content\/uploads\/2018\/09\/schwaderlapp-dominikus_800x800px_autor.jpg 800w\" sizes=\"(max-width: 300px) 100vw, 300px\" \/><\/p>\n<p style=\"text-align: justify;\"><b>Der<\/b> <b>Michaelstag<\/b> hat eine lange Tradition! Vers\u00f6hnung und Frieden f\u00fcr Europa sind das Hauptanliegen. Am 25. September 1960 wurde die Michaelskapelle vom damaligen Weihbischof Heinrich Tenhumberg aus M\u00fcnster und im Beisein von 13.000 angereisten Pilgern aus Deutschland feierlich eingeweiht.\u00a0 Doch warum wurde gefeiert \u2013 was war der Hintergrund? Ende der F\u00fcnfziger Jahre nahm der damalige Rektor von Banneux mit <b>Bundeskanzler Konrad Adenauer<\/b>\u00a0 Kontakt auf. So entstand die Idee, eine Kapelle zu errichten\u00a0 als\u00a0 Zeichen\u00a0 von\u00a0 Vers\u00f6hnung\u00a0 und\u00a0 Frieden.<\/p>\n<p style=\"text-align: justify;\">Auf ausdr\u00fccklichen Wunsch des Bundeskanzlers hat die Kapelle zwei Schutzheilige: den heiligen Erzengel Michael und die heilige Johanna von Orl\u00e9ans.<\/p>\n<p style=\"text-align: justify;\">Ehemals verfeindete Nationen sollen in Banneux bei der Jungfrau der Armen gemeinsam beten. Am Tag der Einweihung im Jahre 1960 beteten auch Tausende Menschen am Mont-St.Michel in Frankreich im gleichen Anliegen.<\/p>\n<p style=\"text-align: justify;\">Auch ist es zur Tradition geworden, dass ein Bischof oder ein Weihbischof aus einem deutschen Bistum diesen Tag mit den vielen Pilgern feiert.<\/p>\n<p style=\"text-align: center;\"><span style=\"text-decoration: underline; font-size: 14pt;\"><b>Das Programm des Tages<\/b><\/span><\/p>\n<p style=\"text-align: center;\"><b>10.30 Uhr\u00a0\u00a0<\/b><\/p>\n<p style=\"text-align: center;\"><b>Pontifikalamt mit\u00a0<\/b><b>Weihbischof Dominik Schwaderlapp, K\u00f6ln,\u00a0<\/b><b>Rektor Leo Palm\u00a0<\/b><\/p>\n<p style=\"text-align: center;\"><b>\u00a0und allen begleitenden Priestern und<\/b> <b>Diakonen<\/b><\/p>\n<p style=\"text-align: center;\"><b><\/b><b>12.00<\/b> <b>+<\/b> <b>16.00 Uhr\u00a0<\/b><\/p>\n<p style=\"text-align: center;\"><b>Film \u00fcber die Botschaft von Banneux\u00a0\u00a0<\/b><b>(20 Minuten)<\/b><\/p>\n<p style=\"text-align: center;\"><b>14.15 Uhr\u00a0<\/b><\/p>\n<p style=\"text-align: center;\"><b>Andacht\u00a0<\/b><b>mit Ansprache\u00a0<\/b><b>von Weihbischof\u00a0<\/b><b>Dominik Schwaderlapp<\/b><\/p>\n<p style=\"text-align: center;\"><b>1<\/b><b>5.00 Uhr\u00a0<\/b><\/p>\n<p style=\"text-align: center;\"><b>\u00a0<\/b><b>Feierliche\u00a0<\/b><b>Sakramentsandacht\u00a0<\/b><b>mit Krankensegen<\/b><\/p>\n<div id=\"attachment_10896\" style=\"width: 768px\" class=\"wp-caption aligncenter\"><img decoding=\"async\" aria-describedby=\"caption-attachment-10896\" class=\"size-large wp-image-10896 lazyload\" data-src=\"https:\/\/banneux-nd.be\/wp-content\/uploads\/2018\/09\/DSC06919-1024x685.jpg\" alt=\"\" width=\"758\" height=\"507\" src=\"data:image\/svg+xml;base64,PHN2ZyB3aWR0aD0iMSIgaGVpZ2h0PSIxIiB4bWxucz0iaHR0cDovL3d3dy53My5vcmcvMjAwMC9zdmciPjwvc3ZnPg==\" style=\"--smush-placeholder-width: 758px; --smush-placeholder-aspect-ratio: 758\/507;\" \/><p id=\"caption-attachment-10896\" class=\"wp-caption-text\"><span style=\"font-size: 16px;\">\u00a9 Sanctuaire Banneux<\/span><\/p><\/div>\n<p><b>Kontakt in Banneux:\u00a0 \u00a0<\/b><\/p>\n<p>Marlene Backes<\/p>\n<p><b>pilger@banneux-nd.be<\/b><\/p>\n<p>0032 43.60.02.22<\/p>\n<p>oder<\/p>\n<p>0032 80.22.85.21<\/p>\n<p>&nbsp;<\/p>\n<p>&nbsp;<\/p>\n<p><b>Es ist wichtig, dass die <\/b><b>Gruppen sich anmelden!<\/b><\/p>\n<p><b>F\u00fcr Mitfahrgelegenheit in einem Bus <\/b><\/p>\n<p><b>informiere man sich bitte in seiner Pfarre, einem Verein oder den Pilgerleitern \u2026&#8230;.<\/b><\/p>\n<p>&nbsp;<\/p>\n","protected":false},"excerpt":{"rendered":"<p>Sonntag 30\u00a0September 2018 mit Weihbischof\u00a0Dominik Schwaderlapp K\u00f6ln Der Michaelstag hat eine lange Tradition! Vers\u00f6hnung und Frieden f\u00fcr Europa sind das Hauptanliegen. Am 25. September 1960 wurde die Michaelskapelle vom damaligen Weihbischof Heinrich Tenhumberg aus M\u00fcnster und im Beisein von 13.000 angereisten Pilgern aus Deutschland feierlich eingeweiht.\u00a0 Doch warum wurde gefeiert \u2013 was war der Hintergrund? Ende der F\u00fcnfziger Jahre nahm der damalige Rektor von Banneux mit Bundeskanzler Konrad Adenauer\u00a0 Kontakt auf. So entstand die Idee, eine Kapelle zu errichten\u00a0 als\u00a0 Zeichen\u00a0 von\u00a0 Vers\u00f6hnung\u00a0 und\u00a0 Frieden. Auf ausdr\u00fccklichen Wunsch des Bundeskanzlers hat die Kapelle zwei Schutzheilige: den heiligen Erzengel Michael und die heilige Johanna von Orl\u00e9ans. Ehemals verfeindete Nationen sollen in Banneux bei der Jungfrau der Armen gemeinsam beten. Am Tag [&hellip;]<\/p>\n","protected":false},"author":10,"featured_media":10889,"comment_status":"open","ping_status":"open","sticky":false,"template":"","format":"standard","meta":{"advgb_blocks_editor_width":"","advgb_blocks_columns_visual_guide":"","jetpack_post_was_ever_published":false,"_jetpack_newsletter_access":"","_jetpack_dont_email_post_to_subs":false,"_jetpack_newsletter_tier_id":0,"_jetpack_memberships_contains_paywalled_content":false,"_jetpack_memberships_contains_paid_content":false,"footnotes":"","jetpack_publicize_message":"","jetpack_publicize_feature_enabled":true,"jetpack_social_post_already_shared":true,"jetpack_social_options":{"image_generator_settings":{"template":"highway","default_image_id":0,"font":"","enabled":false},"version":2}},"categories":[51,104],"tags":[129,130,131],"class_list":["post-10886","post","type-post","status-publish","format-standard","has-post-thumbnail","hentry","category-a-la-une-de","category-grandes-fetes-liturgiques-de","tag-banneux","tag-michaelstag","tag-weihbischof-dominik-schwaderlapp"],"yoast_head":"<!-- This site is optimized with the Yoast SEO plugin v27.5 - https:\/\/yoast.com\/product\/yoast-seo-wordpress\/ -->\n<title>MICHAELSTAG in Banneux - Banneux Notre-Dame<\/title>\n<meta name=\"robots\" content=\"index, follow, max-snippet:-1, max-image-preview:large, max-video-preview:-1\" \/>\n<link rel=\"canonical\" href=\"https:\/\/banneux-nd.be\/de\/michaelstag-in-banneux\/\" \/>\n<meta property=\"og:locale\" content=\"de_DE\" \/>\n<meta property=\"og:type\" content=\"article\" \/>\n<meta property=\"og:title\" content=\"MICHAELSTAG in Banneux - Banneux Notre-Dame\" \/>\n<meta property=\"og:description\" content=\"Sonntag 30\u00a0September 2018 mit Weihbischof\u00a0Dominik Schwaderlapp K\u00f6ln Der Michaelstag hat eine lange Tradition! Vers\u00f6hnung und Frieden f\u00fcr Europa sind das Hauptanliegen. Am 25. September 1960 wurde die Michaelskapelle vom damaligen Weihbischof Heinrich Tenhumberg aus M\u00fcnster und im Beisein von 13.000 angereisten Pilgern aus Deutschland feierlich eingeweiht.\u00a0 Doch warum wurde gefeiert \u2013 was war der Hintergrund? Ende der F\u00fcnfziger Jahre nahm der damalige Rektor von Banneux mit Bundeskanzler Konrad Adenauer\u00a0 Kontakt auf. So entstand die Idee, eine Kapelle zu errichten\u00a0 als\u00a0 Zeichen\u00a0 von\u00a0 Vers\u00f6hnung\u00a0 und\u00a0 Frieden. Auf ausdr\u00fccklichen Wunsch des Bundeskanzlers hat die Kapelle zwei Schutzheilige: den heiligen Erzengel Michael und die heilige Johanna von Orl\u00e9ans. Ehemals verfeindete Nationen sollen in Banneux bei der Jungfrau der Armen gemeinsam beten. Am Tag [&hellip;]\" \/>\n<meta property=\"og:url\" content=\"https:\/\/banneux-nd.be\/de\/michaelstag-in-banneux\/\" \/>\n<meta property=\"og:site_name\" content=\"Banneux Notre-Dame\" \/>\n<meta property=\"article:publisher\" content=\"https:\/\/www.facebook.com\/NDBanneux\/\" \/>\n<meta property=\"article:published_time\" content=\"2018-09-10T11:42:27+00:00\" \/>\n<meta property=\"og:image\" content=\"https:\/\/banneux-nd.be\/wp-content\/uploads\/2018\/09\/schwaderlapp-dominikus_800x800px_autor.jpg\" \/>\n\t<meta property=\"og:image:width\" content=\"800\" \/>\n\t<meta property=\"og:image:height\" content=\"800\" \/>\n\t<meta property=\"og:image:type\" content=\"image\/jpeg\" \/>\n<meta name=\"author\" content=\"Fabian Delarbre\" \/>\n<meta name=\"twitter:card\" content=\"summary_large_image\" \/>\n<meta name=\"twitter:label1\" content=\"Verfasst von\" \/>\n\t<meta name=\"twitter:data1\" content=\"Fabian Delarbre\" \/>\n\t<meta name=\"twitter:label2\" content=\"Gesch\u00e4tzte Lesezeit\" \/>\n\t<meta name=\"twitter:data2\" content=\"1\u00a0Minute\" \/>\n<script type=\"application\/ld+json\" class=\"yoast-schema-graph\">{\"@context\":\"https:\\\/\\\/schema.org\",\"@graph\":[{\"@type\":\"Article\",\"@id\":\"https:\\\/\\\/banneux-nd.be\\\/de\\\/michaelstag-in-banneux\\\/#article\",\"isPartOf\":{\"@id\":\"https:\\\/\\\/banneux-nd.be\\\/de\\\/michaelstag-in-banneux\\\/\"},\"author\":{\"name\":\"Fabian Delarbre\",\"@id\":\"https:\\\/\\\/banneux-nd.be\\\/de\\\/#\\\/schema\\\/person\\\/0d1a4402510d5ffa26dcb30a942708b2\"},\"headline\":\"MICHAELSTAG in Banneux\",\"datePublished\":\"2018-09-10T11:42:27+00:00\",\"mainEntityOfPage\":{\"@id\":\"https:\\\/\\\/banneux-nd.be\\\/de\\\/michaelstag-in-banneux\\\/\"},\"wordCount\":255,\"commentCount\":0,\"image\":{\"@id\":\"https:\\\/\\\/banneux-nd.be\\\/de\\\/michaelstag-in-banneux\\\/#primaryimage\"},\"thumbnailUrl\":\"https:\\\/\\\/banneux-nd.be\\\/wp-content\\\/uploads\\\/2018\\\/09\\\/schwaderlapp-dominikus_800x800px_autor.jpg\",\"keywords\":[\"Banneux\",\"Michaelstag\",\"Weihbischof\u00a0Dominik Schwaderlapp\"],\"articleSection\":[\"A la Une\",\"Gro\u00dfe liturgische Feste\"],\"inLanguage\":\"de\",\"potentialAction\":[{\"@type\":\"CommentAction\",\"name\":\"Comment\",\"target\":[\"https:\\\/\\\/banneux-nd.be\\\/de\\\/michaelstag-in-banneux\\\/#respond\"]}]},{\"@type\":\"WebPage\",\"@id\":\"https:\\\/\\\/banneux-nd.be\\\/de\\\/michaelstag-in-banneux\\\/\",\"url\":\"https:\\\/\\\/banneux-nd.be\\\/de\\\/michaelstag-in-banneux\\\/\",\"name\":\"MICHAELSTAG in Banneux - Banneux Notre-Dame\",\"isPartOf\":{\"@id\":\"https:\\\/\\\/banneux-nd.be\\\/de\\\/#website\"},\"primaryImageOfPage\":{\"@id\":\"https:\\\/\\\/banneux-nd.be\\\/de\\\/michaelstag-in-banneux\\\/#primaryimage\"},\"image\":{\"@id\":\"https:\\\/\\\/banneux-nd.be\\\/de\\\/michaelstag-in-banneux\\\/#primaryimage\"},\"thumbnailUrl\":\"https:\\\/\\\/banneux-nd.be\\\/wp-content\\\/uploads\\\/2018\\\/09\\\/schwaderlapp-dominikus_800x800px_autor.jpg\",\"datePublished\":\"2018-09-10T11:42:27+00:00\",\"author\":{\"@id\":\"https:\\\/\\\/banneux-nd.be\\\/de\\\/#\\\/schema\\\/person\\\/0d1a4402510d5ffa26dcb30a942708b2\"},\"breadcrumb\":{\"@id\":\"https:\\\/\\\/banneux-nd.be\\\/de\\\/michaelstag-in-banneux\\\/#breadcrumb\"},\"inLanguage\":\"de\",\"potentialAction\":[{\"@type\":\"ReadAction\",\"target\":[\"https:\\\/\\\/banneux-nd.be\\\/de\\\/michaelstag-in-banneux\\\/\"]}]},{\"@type\":\"ImageObject\",\"inLanguage\":\"de\",\"@id\":\"https:\\\/\\\/banneux-nd.be\\\/de\\\/michaelstag-in-banneux\\\/#primaryimage\",\"url\":\"https:\\\/\\\/banneux-nd.be\\\/wp-content\\\/uploads\\\/2018\\\/09\\\/schwaderlapp-dominikus_800x800px_autor.jpg\",\"contentUrl\":\"https:\\\/\\\/banneux-nd.be\\\/wp-content\\\/uploads\\\/2018\\\/09\\\/schwaderlapp-dominikus_800x800px_autor.jpg\",\"width\":800,\"height\":800},{\"@type\":\"BreadcrumbList\",\"@id\":\"https:\\\/\\\/banneux-nd.be\\\/de\\\/michaelstag-in-banneux\\\/#breadcrumb\",\"itemListElement\":[{\"@type\":\"ListItem\",\"position\":1,\"name\":\"Accueil\",\"item\":\"https:\\\/\\\/banneux-nd.be\\\/de\\\/\"},{\"@type\":\"ListItem\",\"position\":2,\"name\":\"MICHAELSTAG in Banneux\"}]},{\"@type\":\"WebSite\",\"@id\":\"https:\\\/\\\/banneux-nd.be\\\/de\\\/#website\",\"url\":\"https:\\\/\\\/banneux-nd.be\\\/de\\\/\",\"name\":\"Banneux Notre-Dame\",\"description\":\"Sanctuaire de la Vierge des Pauvres (Belgique)\",\"potentialAction\":[{\"@type\":\"SearchAction\",\"target\":{\"@type\":\"EntryPoint\",\"urlTemplate\":\"https:\\\/\\\/banneux-nd.be\\\/de\\\/?s={search_term_string}\"},\"query-input\":{\"@type\":\"PropertyValueSpecification\",\"valueRequired\":true,\"valueName\":\"search_term_string\"}}],\"inLanguage\":\"de\"},{\"@type\":\"Person\",\"@id\":\"https:\\\/\\\/banneux-nd.be\\\/de\\\/#\\\/schema\\\/person\\\/0d1a4402510d5ffa26dcb30a942708b2\",\"name\":\"Fabian Delarbre\",\"image\":{\"@type\":\"ImageObject\",\"inLanguage\":\"de\",\"@id\":\"https:\\\/\\\/secure.gravatar.com\\\/avatar\\\/9334616c7d1b6f2105ff49faafff30af9ea103fbf51fe51d908b6b0ee326e990?s=96&d=mm&r=g\",\"url\":\"https:\\\/\\\/secure.gravatar.com\\\/avatar\\\/9334616c7d1b6f2105ff49faafff30af9ea103fbf51fe51d908b6b0ee326e990?s=96&d=mm&r=g\",\"contentUrl\":\"https:\\\/\\\/secure.gravatar.com\\\/avatar\\\/9334616c7d1b6f2105ff49faafff30af9ea103fbf51fe51d908b6b0ee326e990?s=96&d=mm&r=g\",\"caption\":\"Fabian Delarbre\"},\"url\":\"https:\\\/\\\/banneux-nd.be\\\/de\\\/author\\\/sanctuaire\\\/\"}]}<\/script>\n<!-- \/ Yoast SEO plugin. -->","yoast_head_json":{"title":"MICHAELSTAG in Banneux - Banneux Notre-Dame","robots":{"index":"index","follow":"follow","max-snippet":"max-snippet:-1","max-image-preview":"max-image-preview:large","max-video-preview":"max-video-preview:-1"},"canonical":"https:\/\/banneux-nd.be\/de\/michaelstag-in-banneux\/","og_locale":"de_DE","og_type":"article","og_title":"MICHAELSTAG in Banneux - Banneux Notre-Dame","og_description":"Sonntag 30\u00a0September 2018 mit Weihbischof\u00a0Dominik Schwaderlapp K\u00f6ln Der Michaelstag hat eine lange Tradition! Vers\u00f6hnung und Frieden f\u00fcr Europa sind das Hauptanliegen. Am 25. September 1960 wurde die Michaelskapelle vom damaligen Weihbischof Heinrich Tenhumberg aus M\u00fcnster und im Beisein von 13.000 angereisten Pilgern aus Deutschland feierlich eingeweiht.\u00a0 Doch warum wurde gefeiert \u2013 was war der Hintergrund? Ende der F\u00fcnfziger Jahre nahm der damalige Rektor von Banneux mit Bundeskanzler Konrad Adenauer\u00a0 Kontakt auf. So entstand die Idee, eine Kapelle zu errichten\u00a0 als\u00a0 Zeichen\u00a0 von\u00a0 Vers\u00f6hnung\u00a0 und\u00a0 Frieden. Auf ausdr\u00fccklichen Wunsch des Bundeskanzlers hat die Kapelle zwei Schutzheilige: den heiligen Erzengel Michael und die heilige Johanna von Orl\u00e9ans. Ehemals verfeindete Nationen sollen in Banneux bei der Jungfrau der Armen gemeinsam beten. Am Tag [&hellip;]","og_url":"https:\/\/banneux-nd.be\/de\/michaelstag-in-banneux\/","og_site_name":"Banneux Notre-Dame","article_publisher":"https:\/\/www.facebook.com\/NDBanneux\/","article_published_time":"2018-09-10T11:42:27+00:00","og_image":[{"width":800,"height":800,"url":"https:\/\/banneux-nd.be\/wp-content\/uploads\/2018\/09\/schwaderlapp-dominikus_800x800px_autor.jpg","type":"image\/jpeg"}],"author":"Fabian Delarbre","twitter_card":"summary_large_image","twitter_misc":{"Verfasst von":"Fabian Delarbre","Gesch\u00e4tzte Lesezeit":"1\u00a0Minute"},"schema":{"@context":"https:\/\/schema.org","@graph":[{"@type":"Article","@id":"https:\/\/banneux-nd.be\/de\/michaelstag-in-banneux\/#article","isPartOf":{"@id":"https:\/\/banneux-nd.be\/de\/michaelstag-in-banneux\/"},"author":{"name":"Fabian Delarbre","@id":"https:\/\/banneux-nd.be\/de\/#\/schema\/person\/0d1a4402510d5ffa26dcb30a942708b2"},"headline":"MICHAELSTAG in Banneux","datePublished":"2018-09-10T11:42:27+00:00","mainEntityOfPage":{"@id":"https:\/\/banneux-nd.be\/de\/michaelstag-in-banneux\/"},"wordCount":255,"commentCount":0,"image":{"@id":"https:\/\/banneux-nd.be\/de\/michaelstag-in-banneux\/#primaryimage"},"thumbnailUrl":"https:\/\/banneux-nd.be\/wp-content\/uploads\/2018\/09\/schwaderlapp-dominikus_800x800px_autor.jpg","keywords":["Banneux","Michaelstag","Weihbischof\u00a0Dominik Schwaderlapp"],"articleSection":["A la Une","Gro\u00dfe liturgische Feste"],"inLanguage":"de","potentialAction":[{"@type":"CommentAction","name":"Comment","target":["https:\/\/banneux-nd.be\/de\/michaelstag-in-banneux\/#respond"]}]},{"@type":"WebPage","@id":"https:\/\/banneux-nd.be\/de\/michaelstag-in-banneux\/","url":"https:\/\/banneux-nd.be\/de\/michaelstag-in-banneux\/","name":"MICHAELSTAG in Banneux - Banneux Notre-Dame","isPartOf":{"@id":"https:\/\/banneux-nd.be\/de\/#website"},"primaryImageOfPage":{"@id":"https:\/\/banneux-nd.be\/de\/michaelstag-in-banneux\/#primaryimage"},"image":{"@id":"https:\/\/banneux-nd.be\/de\/michaelstag-in-banneux\/#primaryimage"},"thumbnailUrl":"https:\/\/banneux-nd.be\/wp-content\/uploads\/2018\/09\/schwaderlapp-dominikus_800x800px_autor.jpg","datePublished":"2018-09-10T11:42:27+00:00","author":{"@id":"https:\/\/banneux-nd.be\/de\/#\/schema\/person\/0d1a4402510d5ffa26dcb30a942708b2"},"breadcrumb":{"@id":"https:\/\/banneux-nd.be\/de\/michaelstag-in-banneux\/#breadcrumb"},"inLanguage":"de","potentialAction":[{"@type":"ReadAction","target":["https:\/\/banneux-nd.be\/de\/michaelstag-in-banneux\/"]}]},{"@type":"ImageObject","inLanguage":"de","@id":"https:\/\/banneux-nd.be\/de\/michaelstag-in-banneux\/#primaryimage","url":"https:\/\/banneux-nd.be\/wp-content\/uploads\/2018\/09\/schwaderlapp-dominikus_800x800px_autor.jpg","contentUrl":"https:\/\/banneux-nd.be\/wp-content\/uploads\/2018\/09\/schwaderlapp-dominikus_800x800px_autor.jpg","width":800,"height":800},{"@type":"BreadcrumbList","@id":"https:\/\/banneux-nd.be\/de\/michaelstag-in-banneux\/#breadcrumb","itemListElement":[{"@type":"ListItem","position":1,"name":"Accueil","item":"https:\/\/banneux-nd.be\/de\/"},{"@type":"ListItem","position":2,"name":"MICHAELSTAG in Banneux"}]},{"@type":"WebSite","@id":"https:\/\/banneux-nd.be\/de\/#website","url":"https:\/\/banneux-nd.be\/de\/","name":"Banneux Notre-Dame","description":"Sanctuaire de la Vierge des Pauvres (Belgique)","potentialAction":[{"@type":"SearchAction","target":{"@type":"EntryPoint","urlTemplate":"https:\/\/banneux-nd.be\/de\/?s={search_term_string}"},"query-input":{"@type":"PropertyValueSpecification","valueRequired":true,"valueName":"search_term_string"}}],"inLanguage":"de"},{"@type":"Person","@id":"https:\/\/banneux-nd.be\/de\/#\/schema\/person\/0d1a4402510d5ffa26dcb30a942708b2","name":"Fabian Delarbre","image":{"@type":"ImageObject","inLanguage":"de","@id":"https:\/\/secure.gravatar.com\/avatar\/9334616c7d1b6f2105ff49faafff30af9ea103fbf51fe51d908b6b0ee326e990?s=96&d=mm&r=g","url":"https:\/\/secure.gravatar.com\/avatar\/9334616c7d1b6f2105ff49faafff30af9ea103fbf51fe51d908b6b0ee326e990?s=96&d=mm&r=g","contentUrl":"https:\/\/secure.gravatar.com\/avatar\/9334616c7d1b6f2105ff49faafff30af9ea103fbf51fe51d908b6b0ee326e990?s=96&d=mm&r=g","caption":"Fabian Delarbre"},"url":"https:\/\/banneux-nd.be\/de\/author\/sanctuaire\/"}]}},"author_meta":{"display_name":"Fabian Delarbre","author_link":"https:\/\/banneux-nd.be\/de\/author\/sanctuaire\/"},"featured_img":"https:\/\/banneux-nd.be\/wp-content\/uploads\/2018\/09\/schwaderlapp-dominikus_800x800px_autor-300x300.jpg","jetpack_publicize_connections":[],"jetpack_featured_media_url":"https:\/\/banneux-nd.be\/wp-content\/uploads\/2018\/09\/schwaderlapp-dominikus_800x800px_autor.jpg","coauthors":[],"tax_additional":{"categories":{"linked":["<a href=\"https:\/\/banneux-nd.be\/de\/category\/a-la-une-de\/\" class=\"advgb-post-tax-term\">A la Une<\/a>","<a href=\"https:\/\/banneux-nd.be\/de\/category\/grandes-fetes-liturgiques-de\/\" class=\"advgb-post-tax-term\">Gro\u00dfe liturgische Feste<\/a>"],"unlinked":["<span class=\"advgb-post-tax-term\">A la Une<\/span>","<span class=\"advgb-post-tax-term\">Gro\u00dfe liturgische Feste<\/span>"]},"tags":{"linked":["<a href=\"https:\/\/banneux-nd.be\/de\/category\/grandes-fetes-liturgiques-de\/\" class=\"advgb-post-tax-term\">Banneux<\/a>","<a href=\"https:\/\/banneux-nd.be\/de\/category\/grandes-fetes-liturgiques-de\/\" class=\"advgb-post-tax-term\">Michaelstag<\/a>","<a href=\"https:\/\/banneux-nd.be\/de\/category\/grandes-fetes-liturgiques-de\/\" class=\"advgb-post-tax-term\">Weihbischof\u00a0Dominik Schwaderlapp<\/a>"],"unlinked":["<span class=\"advgb-post-tax-term\">Banneux<\/span>","<span class=\"advgb-post-tax-term\">Michaelstag<\/span>","<span class=\"advgb-post-tax-term\">Weihbischof\u00a0Dominik Schwaderlapp<\/span>"]}},"comment_count":"0","relative_dates":{"created":"Ver\u00f6ffentlicht 8\u00a0Jahren vor","modified":"Aktualisiert 8\u00a0Jahren vor"},"absolute_dates":{"created":"Ver\u00f6ffentlicht am 10. September 2018","modified":"Aktualisiert am 10. September 2018"},"absolute_dates_time":{"created":"Ver\u00f6ffentlicht am 10. September 2018 13:42","modified":"Aktualisiert am 10. September 2018 13:42"},"featured_img_caption":"","series_order":"","jetpack_sharing_enabled":true,"_links":{"self":[{"href":"https:\/\/banneux-nd.be\/de\/wp-json\/wp\/v2\/posts\/10886","targetHints":{"allow":["GET"]}}],"collection":[{"href":"https:\/\/banneux-nd.be\/de\/wp-json\/wp\/v2\/posts"}],"about":[{"href":"https:\/\/banneux-nd.be\/de\/wp-json\/wp\/v2\/types\/post"}],"author":[{"embeddable":true,"href":"https:\/\/banneux-nd.be\/de\/wp-json\/wp\/v2\/users\/10"}],"replies":[{"embeddable":true,"href":"https:\/\/banneux-nd.be\/de\/wp-json\/wp\/v2\/comments?post=10886"}],"version-history":[{"count":4,"href":"https:\/\/banneux-nd.be\/de\/wp-json\/wp\/v2\/posts\/10886\/revisions"}],"predecessor-version":[{"id":10904,"href":"https:\/\/banneux-nd.be\/de\/wp-json\/wp\/v2\/posts\/10886\/revisions\/10904"}],"wp:featuredmedia":[{"embeddable":true,"href":"https:\/\/banneux-nd.be\/de\/wp-json\/wp\/v2\/media\/10889"}],"wp:attachment":[{"href":"https:\/\/banneux-nd.be\/de\/wp-json\/wp\/v2\/media?parent=10886"}],"wp:term":[{"taxonomy":"category","embeddable":true,"href":"https:\/\/banneux-nd.be\/de\/wp-json\/wp\/v2\/categories?post=10886"},{"taxonomy":"post_tag","embeddable":true,"href":"https:\/\/banneux-nd.be\/de\/wp-json\/wp\/v2\/tags?post=10886"}],"curies":[{"name":"wp","href":"https:\/\/api.w.org\/{rel}","templated":true}]}}