{"id":13837,"date":"2020-09-20T13:07:38","date_gmt":"2020-09-20T11:07:38","guid":{"rendered":"https:\/\/banneux-nd.be\/?p=13837"},"modified":"2020-09-20T13:08:38","modified_gmt":"2020-09-20T11:08:38","slug":"sonntag-27-september-michaelstag-2020-in-kleinem-rahmen","status":"publish","type":"post","link":"https:\/\/banneux-nd.be\/de\/sonntag-27-september-michaelstag-2020-in-kleinem-rahmen\/","title":{"rendered":"Sonntag, 27.September:\u00a0 Michaelstag 2020 in kleinem Rahmen"},"content":{"rendered":"<p><strong> <img fetchpriority=\"high\" decoding=\"async\" class=\"wp-image-13838 alignright\" src=\"https:\/\/banneux-nd.be\/wp-content\/uploads\/2020\/09\/Chapelle-Sts-Michel-et-Jeanne-dArc-1-807x1024.jpg\" alt=\"\" width=\"483\" height=\"612\" srcset=\"https:\/\/banneux-nd.be\/wp-content\/uploads\/2020\/09\/Chapelle-Sts-Michel-et-Jeanne-dArc-1-807x1024.jpg 807w, https:\/\/banneux-nd.be\/wp-content\/uploads\/2020\/09\/Chapelle-Sts-Michel-et-Jeanne-dArc-1-237x300.jpg 237w, https:\/\/banneux-nd.be\/wp-content\/uploads\/2020\/09\/Chapelle-Sts-Michel-et-Jeanne-dArc-1-768x974.jpg 768w, https:\/\/banneux-nd.be\/wp-content\/uploads\/2020\/09\/Chapelle-Sts-Michel-et-Jeanne-dArc-1.jpg 946w\" sizes=\"(max-width: 483px) 100vw, 483px\" \/><\/strong><\/p>\n<p style=\"text-align: justify;\">In unserem Jahresprogramm f\u00fcr die deutschsprachigen Pilger ist der Michaelstag am letzten Sonntag im September immer ein Highlight. Dieses Jahr hatten wir den Aachener Bischof Helmut Dieser mit seinen Di\u00f6zesanen eingeladen. Wie so viele andere Gro\u00dfveranstaltungen kann auch dieser Pilgertag aufgrund der Corona Krise nicht in seiner gew\u00f6hnlichen Form stattfinden.<\/p>\n<p style=\"text-align: justify;\"><strong>Nat\u00fcrlich findet am Sonntag, dem 27. September 2020 die Messe in deutscher Sprache um 10 Uhr 30 statt (Vorsitz Rektor Leo Palm) . Um 14 Uhr ist Andacht zum Jahresthema und um 15 Uhr Krankensegen.<\/strong><\/p>\n","protected":false},"excerpt":{"rendered":"<p>In unserem Jahresprogramm f\u00fcr die deutschsprachigen Pilger ist der Michaelstag am letzten Sonntag im September immer ein Highlight. Dieses Jahr hatten wir den Aachener Bischof Helmut Dieser mit seinen Di\u00f6zesanen eingeladen. Wie so viele andere Gro\u00dfveranstaltungen kann auch dieser Pilgertag aufgrund der Corona Krise nicht in seiner gew\u00f6hnlichen Form stattfinden. Nat\u00fcrlich findet am Sonntag, dem 27. September 2020 die Messe in deutscher Sprache um 10 Uhr 30 statt (Vorsitz Rektor Leo Palm) . Um 14 Uhr ist Andacht zum Jahresthema und um 15 Uhr Krankensegen.<\/p>\n","protected":false},"author":10,"featured_media":13838,"comment_status":"open","ping_status":"open","sticky":false,"template":"","format":"standard","meta":{"advgb_blocks_editor_width":"","advgb_blocks_columns_visual_guide":"","jetpack_post_was_ever_published":false,"_jetpack_newsletter_access":"","_jetpack_dont_email_post_to_subs":false,"_jetpack_newsletter_tier_id":0,"_jetpack_memberships_contains_paywalled_content":false,"_jetpack_memberships_contains_paid_content":false,"footnotes":"","jetpack_publicize_message":"","jetpack_publicize_feature_enabled":true,"jetpack_social_post_already_shared":true,"jetpack_social_options":{"image_generator_settings":{"template":"highway","default_image_id":0,"font":"","enabled":false},"version":2}},"categories":[51,104],"tags":[129,130],"class_list":["post-13837","post","type-post","status-publish","format-standard","has-post-thumbnail","hentry","category-a-la-une-de","category-grandes-fetes-liturgiques-de","tag-banneux","tag-michaelstag"],"yoast_head":"<!-- This site is optimized with the Yoast SEO plugin v27.5 - https:\/\/yoast.com\/product\/yoast-seo-wordpress\/ -->\n<title>Sonntag, 27.September:\u00a0 Michaelstag 2020 in kleinem Rahmen - Banneux Notre-Dame<\/title>\n<meta name=\"robots\" content=\"index, follow, max-snippet:-1, max-image-preview:large, max-video-preview:-1\" \/>\n<link rel=\"canonical\" href=\"https:\/\/banneux-nd.be\/de\/sonntag-27-september-michaelstag-2020-in-kleinem-rahmen\/\" \/>\n<meta property=\"og:locale\" content=\"de_DE\" \/>\n<meta property=\"og:type\" content=\"article\" \/>\n<meta property=\"og:title\" content=\"Sonntag, 27.September:\u00a0 Michaelstag 2020 in kleinem Rahmen - Banneux Notre-Dame\" \/>\n<meta property=\"og:description\" content=\"In unserem Jahresprogramm f\u00fcr die deutschsprachigen Pilger ist der Michaelstag am letzten Sonntag im September immer ein Highlight. Dieses Jahr hatten wir den Aachener Bischof Helmut Dieser mit seinen Di\u00f6zesanen eingeladen. Wie so viele andere Gro\u00dfveranstaltungen kann auch dieser Pilgertag aufgrund der Corona Krise nicht in seiner gew\u00f6hnlichen Form stattfinden. Nat\u00fcrlich findet am Sonntag, dem 27. September 2020 die Messe in deutscher Sprache um 10 Uhr 30 statt (Vorsitz Rektor Leo Palm) . Um 14 Uhr ist Andacht zum Jahresthema und um 15 Uhr Krankensegen.\" \/>\n<meta property=\"og:url\" content=\"https:\/\/banneux-nd.be\/de\/sonntag-27-september-michaelstag-2020-in-kleinem-rahmen\/\" \/>\n<meta property=\"og:site_name\" content=\"Banneux Notre-Dame\" \/>\n<meta property=\"article:publisher\" content=\"https:\/\/www.facebook.com\/NDBanneux\/\" \/>\n<meta property=\"article:published_time\" content=\"2020-09-20T11:07:38+00:00\" \/>\n<meta property=\"article:modified_time\" content=\"2020-09-20T11:08:38+00:00\" \/>\n<meta property=\"og:image\" content=\"https:\/\/banneux-nd.be\/wp-content\/uploads\/2020\/09\/Chapelle-Sts-Michel-et-Jeanne-dArc-1.jpg\" \/>\n\t<meta property=\"og:image:width\" content=\"946\" \/>\n\t<meta property=\"og:image:height\" content=\"1200\" \/>\n\t<meta property=\"og:image:type\" content=\"image\/jpeg\" \/>\n<meta name=\"author\" content=\"Fabian Delarbre\" \/>\n<meta name=\"twitter:card\" content=\"summary_large_image\" \/>\n<meta name=\"twitter:label1\" content=\"Verfasst von\" \/>\n\t<meta name=\"twitter:data1\" content=\"Fabian Delarbre\" \/>\n<script type=\"application\/ld+json\" class=\"yoast-schema-graph\">{\"@context\":\"https:\\\/\\\/schema.org\",\"@graph\":[{\"@type\":\"Article\",\"@id\":\"https:\\\/\\\/banneux-nd.be\\\/de\\\/sonntag-27-september-michaelstag-2020-in-kleinem-rahmen\\\/#article\",\"isPartOf\":{\"@id\":\"https:\\\/\\\/banneux-nd.be\\\/de\\\/sonntag-27-september-michaelstag-2020-in-kleinem-rahmen\\\/\"},\"author\":{\"name\":\"Fabian Delarbre\",\"@id\":\"https:\\\/\\\/banneux-nd.be\\\/de\\\/#\\\/schema\\\/person\\\/0d1a4402510d5ffa26dcb30a942708b2\"},\"headline\":\"Sonntag, 27.September:\u00a0 Michaelstag 2020 in kleinem Rahmen\",\"datePublished\":\"2020-09-20T11:07:38+00:00\",\"dateModified\":\"2020-09-20T11:08:38+00:00\",\"mainEntityOfPage\":{\"@id\":\"https:\\\/\\\/banneux-nd.be\\\/de\\\/sonntag-27-september-michaelstag-2020-in-kleinem-rahmen\\\/\"},\"wordCount\":89,\"commentCount\":0,\"image\":{\"@id\":\"https:\\\/\\\/banneux-nd.be\\\/de\\\/sonntag-27-september-michaelstag-2020-in-kleinem-rahmen\\\/#primaryimage\"},\"thumbnailUrl\":\"https:\\\/\\\/banneux-nd.be\\\/wp-content\\\/uploads\\\/2020\\\/09\\\/Chapelle-Sts-Michel-et-Jeanne-dArc-1.jpg\",\"keywords\":[\"Banneux\",\"Michaelstag\"],\"articleSection\":[\"A la Une\",\"Gro\u00dfe liturgische Feste\"],\"inLanguage\":\"de\",\"potentialAction\":[{\"@type\":\"CommentAction\",\"name\":\"Comment\",\"target\":[\"https:\\\/\\\/banneux-nd.be\\\/de\\\/sonntag-27-september-michaelstag-2020-in-kleinem-rahmen\\\/#respond\"]}]},{\"@type\":\"WebPage\",\"@id\":\"https:\\\/\\\/banneux-nd.be\\\/de\\\/sonntag-27-september-michaelstag-2020-in-kleinem-rahmen\\\/\",\"url\":\"https:\\\/\\\/banneux-nd.be\\\/de\\\/sonntag-27-september-michaelstag-2020-in-kleinem-rahmen\\\/\",\"name\":\"Sonntag, 27.September:\u00a0 Michaelstag 2020 in kleinem Rahmen - Banneux Notre-Dame\",\"isPartOf\":{\"@id\":\"https:\\\/\\\/banneux-nd.be\\\/de\\\/#website\"},\"primaryImageOfPage\":{\"@id\":\"https:\\\/\\\/banneux-nd.be\\\/de\\\/sonntag-27-september-michaelstag-2020-in-kleinem-rahmen\\\/#primaryimage\"},\"image\":{\"@id\":\"https:\\\/\\\/banneux-nd.be\\\/de\\\/sonntag-27-september-michaelstag-2020-in-kleinem-rahmen\\\/#primaryimage\"},\"thumbnailUrl\":\"https:\\\/\\\/banneux-nd.be\\\/wp-content\\\/uploads\\\/2020\\\/09\\\/Chapelle-Sts-Michel-et-Jeanne-dArc-1.jpg\",\"datePublished\":\"2020-09-20T11:07:38+00:00\",\"dateModified\":\"2020-09-20T11:08:38+00:00\",\"author\":{\"@id\":\"https:\\\/\\\/banneux-nd.be\\\/de\\\/#\\\/schema\\\/person\\\/0d1a4402510d5ffa26dcb30a942708b2\"},\"breadcrumb\":{\"@id\":\"https:\\\/\\\/banneux-nd.be\\\/de\\\/sonntag-27-september-michaelstag-2020-in-kleinem-rahmen\\\/#breadcrumb\"},\"inLanguage\":\"de\",\"potentialAction\":[{\"@type\":\"ReadAction\",\"target\":[\"https:\\\/\\\/banneux-nd.be\\\/de\\\/sonntag-27-september-michaelstag-2020-in-kleinem-rahmen\\\/\"]}]},{\"@type\":\"ImageObject\",\"inLanguage\":\"de\",\"@id\":\"https:\\\/\\\/banneux-nd.be\\\/de\\\/sonntag-27-september-michaelstag-2020-in-kleinem-rahmen\\\/#primaryimage\",\"url\":\"https:\\\/\\\/banneux-nd.be\\\/wp-content\\\/uploads\\\/2020\\\/09\\\/Chapelle-Sts-Michel-et-Jeanne-dArc-1.jpg\",\"contentUrl\":\"https:\\\/\\\/banneux-nd.be\\\/wp-content\\\/uploads\\\/2020\\\/09\\\/Chapelle-Sts-Michel-et-Jeanne-dArc-1.jpg\",\"width\":946,\"height\":1200},{\"@type\":\"BreadcrumbList\",\"@id\":\"https:\\\/\\\/banneux-nd.be\\\/de\\\/sonntag-27-september-michaelstag-2020-in-kleinem-rahmen\\\/#breadcrumb\",\"itemListElement\":[{\"@type\":\"ListItem\",\"position\":1,\"name\":\"Accueil\",\"item\":\"https:\\\/\\\/banneux-nd.be\\\/de\\\/\"},{\"@type\":\"ListItem\",\"position\":2,\"name\":\"Sonntag, 27.September:\u00a0 Michaelstag 2020 in kleinem Rahmen\"}]},{\"@type\":\"WebSite\",\"@id\":\"https:\\\/\\\/banneux-nd.be\\\/de\\\/#website\",\"url\":\"https:\\\/\\\/banneux-nd.be\\\/de\\\/\",\"name\":\"Banneux Notre-Dame\",\"description\":\"Sanctuaire de la Vierge des Pauvres (Belgique)\",\"potentialAction\":[{\"@type\":\"SearchAction\",\"target\":{\"@type\":\"EntryPoint\",\"urlTemplate\":\"https:\\\/\\\/banneux-nd.be\\\/de\\\/?s={search_term_string}\"},\"query-input\":{\"@type\":\"PropertyValueSpecification\",\"valueRequired\":true,\"valueName\":\"search_term_string\"}}],\"inLanguage\":\"de\"},{\"@type\":\"Person\",\"@id\":\"https:\\\/\\\/banneux-nd.be\\\/de\\\/#\\\/schema\\\/person\\\/0d1a4402510d5ffa26dcb30a942708b2\",\"name\":\"Fabian Delarbre\",\"image\":{\"@type\":\"ImageObject\",\"inLanguage\":\"de\",\"@id\":\"https:\\\/\\\/secure.gravatar.com\\\/avatar\\\/9334616c7d1b6f2105ff49faafff30af9ea103fbf51fe51d908b6b0ee326e990?s=96&d=mm&r=g\",\"url\":\"https:\\\/\\\/secure.gravatar.com\\\/avatar\\\/9334616c7d1b6f2105ff49faafff30af9ea103fbf51fe51d908b6b0ee326e990?s=96&d=mm&r=g\",\"contentUrl\":\"https:\\\/\\\/secure.gravatar.com\\\/avatar\\\/9334616c7d1b6f2105ff49faafff30af9ea103fbf51fe51d908b6b0ee326e990?s=96&d=mm&r=g\",\"caption\":\"Fabian Delarbre\"},\"url\":\"https:\\\/\\\/banneux-nd.be\\\/de\\\/author\\\/sanctuaire\\\/\"}]}<\/script>\n<!-- \/ Yoast SEO plugin. -->","yoast_head_json":{"title":"Sonntag, 27.September:\u00a0 Michaelstag 2020 in kleinem Rahmen - Banneux Notre-Dame","robots":{"index":"index","follow":"follow","max-snippet":"max-snippet:-1","max-image-preview":"max-image-preview:large","max-video-preview":"max-video-preview:-1"},"canonical":"https:\/\/banneux-nd.be\/de\/sonntag-27-september-michaelstag-2020-in-kleinem-rahmen\/","og_locale":"de_DE","og_type":"article","og_title":"Sonntag, 27.September:\u00a0 Michaelstag 2020 in kleinem Rahmen - Banneux Notre-Dame","og_description":"In unserem Jahresprogramm f\u00fcr die deutschsprachigen Pilger ist der Michaelstag am letzten Sonntag im September immer ein Highlight. Dieses Jahr hatten wir den Aachener Bischof Helmut Dieser mit seinen Di\u00f6zesanen eingeladen. Wie so viele andere Gro\u00dfveranstaltungen kann auch dieser Pilgertag aufgrund der Corona Krise nicht in seiner gew\u00f6hnlichen Form stattfinden. Nat\u00fcrlich findet am Sonntag, dem 27. September 2020 die Messe in deutscher Sprache um 10 Uhr 30 statt (Vorsitz Rektor Leo Palm) . Um 14 Uhr ist Andacht zum Jahresthema und um 15 Uhr Krankensegen.","og_url":"https:\/\/banneux-nd.be\/de\/sonntag-27-september-michaelstag-2020-in-kleinem-rahmen\/","og_site_name":"Banneux Notre-Dame","article_publisher":"https:\/\/www.facebook.com\/NDBanneux\/","article_published_time":"2020-09-20T11:07:38+00:00","article_modified_time":"2020-09-20T11:08:38+00:00","og_image":[{"width":946,"height":1200,"url":"https:\/\/banneux-nd.be\/wp-content\/uploads\/2020\/09\/Chapelle-Sts-Michel-et-Jeanne-dArc-1.jpg","type":"image\/jpeg"}],"author":"Fabian Delarbre","twitter_card":"summary_large_image","twitter_misc":{"Verfasst von":"Fabian Delarbre"},"schema":{"@context":"https:\/\/schema.org","@graph":[{"@type":"Article","@id":"https:\/\/banneux-nd.be\/de\/sonntag-27-september-michaelstag-2020-in-kleinem-rahmen\/#article","isPartOf":{"@id":"https:\/\/banneux-nd.be\/de\/sonntag-27-september-michaelstag-2020-in-kleinem-rahmen\/"},"author":{"name":"Fabian Delarbre","@id":"https:\/\/banneux-nd.be\/de\/#\/schema\/person\/0d1a4402510d5ffa26dcb30a942708b2"},"headline":"Sonntag, 27.September:\u00a0 Michaelstag 2020 in kleinem Rahmen","datePublished":"2020-09-20T11:07:38+00:00","dateModified":"2020-09-20T11:08:38+00:00","mainEntityOfPage":{"@id":"https:\/\/banneux-nd.be\/de\/sonntag-27-september-michaelstag-2020-in-kleinem-rahmen\/"},"wordCount":89,"commentCount":0,"image":{"@id":"https:\/\/banneux-nd.be\/de\/sonntag-27-september-michaelstag-2020-in-kleinem-rahmen\/#primaryimage"},"thumbnailUrl":"https:\/\/banneux-nd.be\/wp-content\/uploads\/2020\/09\/Chapelle-Sts-Michel-et-Jeanne-dArc-1.jpg","keywords":["Banneux","Michaelstag"],"articleSection":["A la Une","Gro\u00dfe liturgische Feste"],"inLanguage":"de","potentialAction":[{"@type":"CommentAction","name":"Comment","target":["https:\/\/banneux-nd.be\/de\/sonntag-27-september-michaelstag-2020-in-kleinem-rahmen\/#respond"]}]},{"@type":"WebPage","@id":"https:\/\/banneux-nd.be\/de\/sonntag-27-september-michaelstag-2020-in-kleinem-rahmen\/","url":"https:\/\/banneux-nd.be\/de\/sonntag-27-september-michaelstag-2020-in-kleinem-rahmen\/","name":"Sonntag, 27.September:\u00a0 Michaelstag 2020 in kleinem Rahmen - Banneux Notre-Dame","isPartOf":{"@id":"https:\/\/banneux-nd.be\/de\/#website"},"primaryImageOfPage":{"@id":"https:\/\/banneux-nd.be\/de\/sonntag-27-september-michaelstag-2020-in-kleinem-rahmen\/#primaryimage"},"image":{"@id":"https:\/\/banneux-nd.be\/de\/sonntag-27-september-michaelstag-2020-in-kleinem-rahmen\/#primaryimage"},"thumbnailUrl":"https:\/\/banneux-nd.be\/wp-content\/uploads\/2020\/09\/Chapelle-Sts-Michel-et-Jeanne-dArc-1.jpg","datePublished":"2020-09-20T11:07:38+00:00","dateModified":"2020-09-20T11:08:38+00:00","author":{"@id":"https:\/\/banneux-nd.be\/de\/#\/schema\/person\/0d1a4402510d5ffa26dcb30a942708b2"},"breadcrumb":{"@id":"https:\/\/banneux-nd.be\/de\/sonntag-27-september-michaelstag-2020-in-kleinem-rahmen\/#breadcrumb"},"inLanguage":"de","potentialAction":[{"@type":"ReadAction","target":["https:\/\/banneux-nd.be\/de\/sonntag-27-september-michaelstag-2020-in-kleinem-rahmen\/"]}]},{"@type":"ImageObject","inLanguage":"de","@id":"https:\/\/banneux-nd.be\/de\/sonntag-27-september-michaelstag-2020-in-kleinem-rahmen\/#primaryimage","url":"https:\/\/banneux-nd.be\/wp-content\/uploads\/2020\/09\/Chapelle-Sts-Michel-et-Jeanne-dArc-1.jpg","contentUrl":"https:\/\/banneux-nd.be\/wp-content\/uploads\/2020\/09\/Chapelle-Sts-Michel-et-Jeanne-dArc-1.jpg","width":946,"height":1200},{"@type":"BreadcrumbList","@id":"https:\/\/banneux-nd.be\/de\/sonntag-27-september-michaelstag-2020-in-kleinem-rahmen\/#breadcrumb","itemListElement":[{"@type":"ListItem","position":1,"name":"Accueil","item":"https:\/\/banneux-nd.be\/de\/"},{"@type":"ListItem","position":2,"name":"Sonntag, 27.September:\u00a0 Michaelstag 2020 in kleinem Rahmen"}]},{"@type":"WebSite","@id":"https:\/\/banneux-nd.be\/de\/#website","url":"https:\/\/banneux-nd.be\/de\/","name":"Banneux Notre-Dame","description":"Sanctuaire de la Vierge des Pauvres (Belgique)","potentialAction":[{"@type":"SearchAction","target":{"@type":"EntryPoint","urlTemplate":"https:\/\/banneux-nd.be\/de\/?s={search_term_string}"},"query-input":{"@type":"PropertyValueSpecification","valueRequired":true,"valueName":"search_term_string"}}],"inLanguage":"de"},{"@type":"Person","@id":"https:\/\/banneux-nd.be\/de\/#\/schema\/person\/0d1a4402510d5ffa26dcb30a942708b2","name":"Fabian Delarbre","image":{"@type":"ImageObject","inLanguage":"de","@id":"https:\/\/secure.gravatar.com\/avatar\/9334616c7d1b6f2105ff49faafff30af9ea103fbf51fe51d908b6b0ee326e990?s=96&d=mm&r=g","url":"https:\/\/secure.gravatar.com\/avatar\/9334616c7d1b6f2105ff49faafff30af9ea103fbf51fe51d908b6b0ee326e990?s=96&d=mm&r=g","contentUrl":"https:\/\/secure.gravatar.com\/avatar\/9334616c7d1b6f2105ff49faafff30af9ea103fbf51fe51d908b6b0ee326e990?s=96&d=mm&r=g","caption":"Fabian Delarbre"},"url":"https:\/\/banneux-nd.be\/de\/author\/sanctuaire\/"}]}},"author_meta":{"display_name":"Fabian Delarbre","author_link":"https:\/\/banneux-nd.be\/de\/author\/sanctuaire\/"},"featured_img":"https:\/\/banneux-nd.be\/wp-content\/uploads\/2020\/09\/Chapelle-Sts-Michel-et-Jeanne-dArc-1-237x300.jpg","jetpack_publicize_connections":[],"jetpack_featured_media_url":"https:\/\/banneux-nd.be\/wp-content\/uploads\/2020\/09\/Chapelle-Sts-Michel-et-Jeanne-dArc-1.jpg","coauthors":[],"tax_additional":{"categories":{"linked":["<a href=\"https:\/\/banneux-nd.be\/de\/category\/a-la-une-de\/\" class=\"advgb-post-tax-term\">A la Une<\/a>","<a href=\"https:\/\/banneux-nd.be\/de\/category\/grandes-fetes-liturgiques-de\/\" class=\"advgb-post-tax-term\">Gro\u00dfe liturgische Feste<\/a>"],"unlinked":["<span class=\"advgb-post-tax-term\">A la Une<\/span>","<span class=\"advgb-post-tax-term\">Gro\u00dfe liturgische Feste<\/span>"]},"tags":{"linked":["<a href=\"https:\/\/banneux-nd.be\/de\/category\/grandes-fetes-liturgiques-de\/\" class=\"advgb-post-tax-term\">Banneux<\/a>","<a href=\"https:\/\/banneux-nd.be\/de\/category\/grandes-fetes-liturgiques-de\/\" class=\"advgb-post-tax-term\">Michaelstag<\/a>"],"unlinked":["<span class=\"advgb-post-tax-term\">Banneux<\/span>","<span class=\"advgb-post-tax-term\">Michaelstag<\/span>"]}},"comment_count":"0","relative_dates":{"created":"Ver\u00f6ffentlicht 6\u00a0Jahren vor","modified":"Aktualisiert 6\u00a0Jahren vor"},"absolute_dates":{"created":"Ver\u00f6ffentlicht am 20. September 2020","modified":"Aktualisiert am 20. September 2020"},"absolute_dates_time":{"created":"Ver\u00f6ffentlicht am 20. September 2020 13:07","modified":"Aktualisiert am 20. September 2020 13:08"},"featured_img_caption":"","series_order":"","jetpack_sharing_enabled":true,"_links":{"self":[{"href":"https:\/\/banneux-nd.be\/de\/wp-json\/wp\/v2\/posts\/13837","targetHints":{"allow":["GET"]}}],"collection":[{"href":"https:\/\/banneux-nd.be\/de\/wp-json\/wp\/v2\/posts"}],"about":[{"href":"https:\/\/banneux-nd.be\/de\/wp-json\/wp\/v2\/types\/post"}],"author":[{"embeddable":true,"href":"https:\/\/banneux-nd.be\/de\/wp-json\/wp\/v2\/users\/10"}],"replies":[{"embeddable":true,"href":"https:\/\/banneux-nd.be\/de\/wp-json\/wp\/v2\/comments?post=13837"}],"version-history":[{"count":2,"href":"https:\/\/banneux-nd.be\/de\/wp-json\/wp\/v2\/posts\/13837\/revisions"}],"predecessor-version":[{"id":13853,"href":"https:\/\/banneux-nd.be\/de\/wp-json\/wp\/v2\/posts\/13837\/revisions\/13853"}],"wp:featuredmedia":[{"embeddable":true,"href":"https:\/\/banneux-nd.be\/de\/wp-json\/wp\/v2\/media\/13838"}],"wp:attachment":[{"href":"https:\/\/banneux-nd.be\/de\/wp-json\/wp\/v2\/media?parent=13837"}],"wp:term":[{"taxonomy":"category","embeddable":true,"href":"https:\/\/banneux-nd.be\/de\/wp-json\/wp\/v2\/categories?post=13837"},{"taxonomy":"post_tag","embeddable":true,"href":"https:\/\/banneux-nd.be\/de\/wp-json\/wp\/v2\/tags?post=13837"}],"curies":[{"name":"wp","href":"https:\/\/api.w.org\/{rel}","templated":true}]}}