{"id":15927,"date":"2021-10-07T13:51:35","date_gmt":"2021-10-07T11:51:35","guid":{"rendered":"https:\/\/banneux-nd.be\/?p=15927"},"modified":"2021-10-07T13:51:37","modified_gmt":"2021-10-07T11:51:37","slug":"schlussfeier-des-wallfahrtsjahres","status":"publish","type":"post","link":"https:\/\/banneux-nd.be\/de\/schlussfeier-des-wallfahrtsjahres\/","title":{"rendered":"Schlussfeier des Wallfahrtsjahres"},"content":{"rendered":"\n<h2><strong><u>Sonntag, 17. Oktober \u2013 Schlussfeier des Wallfahrtsjahres<\/u><\/strong><\/h2>\n<p>8H30\u00a0\u00a0\u00a0\u00a0\u00a0\u00a0\u00a0\u00a0\u00a0\u00a0\u00a0\u00a0\u00a0 Messe in Franz\u00f6sisch<\/p>\n<p><strong>11H15 \u00a0\u00a0\u00a0\u00a0\u00a0\u00a0\u00a0\u00a0\u00a0 Internationale Messe<\/strong><strong>\u00a0mit Bischof Jean-Pierre Delville aus L\u00fcttich.<\/strong><\/p>\n<p><strong>\u00a0<\/strong><strong>14H00\u00a0\u00a0\u00a0\u00a0\u00a0\u00a0\u00a0\u00a0\u00a0\u00a0 Andacht<\/strong><\/p>\n<p><strong>\u00a0<\/strong><strong>15H00 \u00a0\u00a0\u00a0\u00a0\u00a0\u00a0\u00a0\u00a0\u00a0 Krankensegen (International)<\/strong><\/p>\n<p>16H00 \u00a0\u00a0\u00a0\u00a0\u00a0\u00a0\u00a0\u00a0\u00a0 Messe in Franz\u00f6sisch<\/p>\n<p>19H00\u00a0\u00a0\u00a0\u00a0\u00a0\u00a0\u00a0\u00a0\u00a0\u00a0 Rosenkranz<\/p>\n<p><img fetchpriority=\"high\" decoding=\"async\" class=\"aligncenter  wp-image-14718\" src=\"https:\/\/banneux-nd.be\/wp-content\/uploads\/2021\/03\/DSC01249-768x1024.jpg\" alt=\"\" width=\"648\" height=\"863\" \/><\/p>\n","protected":false},"excerpt":{"rendered":"<p>Sonntag, 17. Oktober \u2013 Schlussfeier des Wallfahrtsjahres<br \/>\n8H30              Messe in Franz\u00f6sisch<\/p>\n<p>11H15           Internationale Messe mit Bischof Jean-Pierre Delville aus L\u00fcttich.<\/p>\n<p> 14H00           Andacht<\/p>\n<p> 15H00           Krankensegen (International)<\/p>\n<p>16H00           Messe in Franz\u00f6sisch<\/p>\n<p>19H00           Rosenkranz<\/p>\n","protected":false},"author":10,"featured_media":14718,"comment_status":"open","ping_status":"open","sticky":false,"template":"","format":"standard","meta":{"advgb_blocks_editor_width":"","advgb_blocks_columns_visual_guide":"","jetpack_post_was_ever_published":false,"_jetpack_newsletter_access":"","_jetpack_dont_email_post_to_subs":false,"_jetpack_newsletter_tier_id":0,"_jetpack_memberships_contains_paywalled_content":false,"_jetpack_memberships_contains_paid_content":false,"footnotes":"","jetpack_publicize_message":"","jetpack_publicize_feature_enabled":true,"jetpack_social_post_already_shared":true,"jetpack_social_options":{"image_generator_settings":{"template":"highway","default_image_id":0,"font":"","enabled":false},"version":2}},"categories":[51,104,277],"tags":[243,244,304],"class_list":["post-15927","post","type-post","status-publish","format-standard","has-post-thumbnail","hentry","category-a-la-une-de","category-grandes-fetes-liturgiques-de","category-neuesten-nachrichten","tag-heiligtum-banneux","tag-jungfrau-der-armen","tag-schlussfeier-des-wallfahrtsjahres"],"yoast_head":"<!-- This site is optimized with the Yoast SEO plugin v27.5 - https:\/\/yoast.com\/product\/yoast-seo-wordpress\/ -->\n<title>Schlussfeier des Wallfahrtsjahres - Banneux Notre-Dame<\/title>\n<meta name=\"robots\" content=\"index, follow, max-snippet:-1, max-image-preview:large, max-video-preview:-1\" \/>\n<link rel=\"canonical\" href=\"https:\/\/banneux-nd.be\/de\/schlussfeier-des-wallfahrtsjahres\/\" \/>\n<meta property=\"og:locale\" content=\"de_DE\" \/>\n<meta property=\"og:type\" content=\"article\" \/>\n<meta property=\"og:title\" content=\"Schlussfeier des Wallfahrtsjahres - Banneux Notre-Dame\" \/>\n<meta property=\"og:description\" content=\"Sonntag, 17. Oktober \u2013 Schlussfeier des Wallfahrtsjahres 8H30       Messe in Franz\u00f6sisch 11H15      Internationale Messe mit Bischof Jean-Pierre Delville aus L\u00fcttich.  14H00      Andacht  15H00      Krankensegen (International) 16H00      Messe in Franz\u00f6sisch 19H00      Rosenkranz\" \/>\n<meta property=\"og:url\" content=\"https:\/\/banneux-nd.be\/de\/schlussfeier-des-wallfahrtsjahres\/\" \/>\n<meta property=\"og:site_name\" content=\"Banneux Notre-Dame\" \/>\n<meta property=\"article:publisher\" content=\"https:\/\/www.facebook.com\/NDBanneux\/\" \/>\n<meta property=\"article:published_time\" content=\"2021-10-07T11:51:35+00:00\" \/>\n<meta property=\"article:modified_time\" content=\"2021-10-07T11:51:37+00:00\" \/>\n<meta property=\"og:image\" content=\"https:\/\/banneux-nd.be\/wp-content\/uploads\/2021\/03\/DSC01249-scaled.jpg\" \/>\n\t<meta property=\"og:image:width\" content=\"1920\" \/>\n\t<meta property=\"og:image:height\" content=\"2560\" \/>\n\t<meta property=\"og:image:type\" content=\"image\/jpeg\" \/>\n<meta name=\"author\" content=\"Fabian Delarbre\" \/>\n<meta name=\"twitter:card\" content=\"summary_large_image\" \/>\n<meta name=\"twitter:label1\" content=\"Verfasst von\" \/>\n\t<meta name=\"twitter:data1\" content=\"Fabian Delarbre\" \/>\n\t<meta name=\"twitter:label2\" content=\"Gesch\u00e4tzte Lesezeit\" \/>\n\t<meta name=\"twitter:data2\" content=\"1\u00a0Minute\" \/>\n<script type=\"application\/ld+json\" class=\"yoast-schema-graph\">{\"@context\":\"https:\\\/\\\/schema.org\",\"@graph\":[{\"@type\":\"Article\",\"@id\":\"https:\\\/\\\/banneux-nd.be\\\/de\\\/schlussfeier-des-wallfahrtsjahres\\\/#article\",\"isPartOf\":{\"@id\":\"https:\\\/\\\/banneux-nd.be\\\/de\\\/schlussfeier-des-wallfahrtsjahres\\\/\"},\"author\":{\"name\":\"Fabian Delarbre\",\"@id\":\"https:\\\/\\\/banneux-nd.be\\\/de\\\/#\\\/schema\\\/person\\\/0d1a4402510d5ffa26dcb30a942708b2\"},\"headline\":\"Schlussfeier des Wallfahrtsjahres\",\"datePublished\":\"2021-10-07T11:51:35+00:00\",\"dateModified\":\"2021-10-07T11:51:37+00:00\",\"mainEntityOfPage\":{\"@id\":\"https:\\\/\\\/banneux-nd.be\\\/de\\\/schlussfeier-des-wallfahrtsjahres\\\/\"},\"wordCount\":35,\"commentCount\":0,\"image\":{\"@id\":\"https:\\\/\\\/banneux-nd.be\\\/de\\\/schlussfeier-des-wallfahrtsjahres\\\/#primaryimage\"},\"thumbnailUrl\":\"https:\\\/\\\/banneux-nd.be\\\/wp-content\\\/uploads\\\/2021\\\/03\\\/DSC01249-scaled.jpg\",\"keywords\":[\"heiligtum banneux\",\"Jungfrau der Armen\",\"Schlussfeier des Wallfahrtsjahres\"],\"articleSection\":[\"A la Une\",\"Gro\u00dfe liturgische Feste\",\"Neuesten Nachrichten\"],\"inLanguage\":\"de\",\"potentialAction\":[{\"@type\":\"CommentAction\",\"name\":\"Comment\",\"target\":[\"https:\\\/\\\/banneux-nd.be\\\/de\\\/schlussfeier-des-wallfahrtsjahres\\\/#respond\"]}]},{\"@type\":\"WebPage\",\"@id\":\"https:\\\/\\\/banneux-nd.be\\\/de\\\/schlussfeier-des-wallfahrtsjahres\\\/\",\"url\":\"https:\\\/\\\/banneux-nd.be\\\/de\\\/schlussfeier-des-wallfahrtsjahres\\\/\",\"name\":\"Schlussfeier des Wallfahrtsjahres - Banneux Notre-Dame\",\"isPartOf\":{\"@id\":\"https:\\\/\\\/banneux-nd.be\\\/de\\\/#website\"},\"primaryImageOfPage\":{\"@id\":\"https:\\\/\\\/banneux-nd.be\\\/de\\\/schlussfeier-des-wallfahrtsjahres\\\/#primaryimage\"},\"image\":{\"@id\":\"https:\\\/\\\/banneux-nd.be\\\/de\\\/schlussfeier-des-wallfahrtsjahres\\\/#primaryimage\"},\"thumbnailUrl\":\"https:\\\/\\\/banneux-nd.be\\\/wp-content\\\/uploads\\\/2021\\\/03\\\/DSC01249-scaled.jpg\",\"datePublished\":\"2021-10-07T11:51:35+00:00\",\"dateModified\":\"2021-10-07T11:51:37+00:00\",\"author\":{\"@id\":\"https:\\\/\\\/banneux-nd.be\\\/de\\\/#\\\/schema\\\/person\\\/0d1a4402510d5ffa26dcb30a942708b2\"},\"breadcrumb\":{\"@id\":\"https:\\\/\\\/banneux-nd.be\\\/de\\\/schlussfeier-des-wallfahrtsjahres\\\/#breadcrumb\"},\"inLanguage\":\"de\",\"potentialAction\":[{\"@type\":\"ReadAction\",\"target\":[\"https:\\\/\\\/banneux-nd.be\\\/de\\\/schlussfeier-des-wallfahrtsjahres\\\/\"]}]},{\"@type\":\"ImageObject\",\"inLanguage\":\"de\",\"@id\":\"https:\\\/\\\/banneux-nd.be\\\/de\\\/schlussfeier-des-wallfahrtsjahres\\\/#primaryimage\",\"url\":\"https:\\\/\\\/banneux-nd.be\\\/wp-content\\\/uploads\\\/2021\\\/03\\\/DSC01249-scaled.jpg\",\"contentUrl\":\"https:\\\/\\\/banneux-nd.be\\\/wp-content\\\/uploads\\\/2021\\\/03\\\/DSC01249-scaled.jpg\",\"width\":1920,\"height\":2560},{\"@type\":\"BreadcrumbList\",\"@id\":\"https:\\\/\\\/banneux-nd.be\\\/de\\\/schlussfeier-des-wallfahrtsjahres\\\/#breadcrumb\",\"itemListElement\":[{\"@type\":\"ListItem\",\"position\":1,\"name\":\"Accueil\",\"item\":\"https:\\\/\\\/banneux-nd.be\\\/de\\\/\"},{\"@type\":\"ListItem\",\"position\":2,\"name\":\"Schlussfeier des Wallfahrtsjahres\"}]},{\"@type\":\"WebSite\",\"@id\":\"https:\\\/\\\/banneux-nd.be\\\/de\\\/#website\",\"url\":\"https:\\\/\\\/banneux-nd.be\\\/de\\\/\",\"name\":\"Banneux Notre-Dame\",\"description\":\"Sanctuaire de la Vierge des Pauvres (Belgique)\",\"potentialAction\":[{\"@type\":\"SearchAction\",\"target\":{\"@type\":\"EntryPoint\",\"urlTemplate\":\"https:\\\/\\\/banneux-nd.be\\\/de\\\/?s={search_term_string}\"},\"query-input\":{\"@type\":\"PropertyValueSpecification\",\"valueRequired\":true,\"valueName\":\"search_term_string\"}}],\"inLanguage\":\"de\"},{\"@type\":\"Person\",\"@id\":\"https:\\\/\\\/banneux-nd.be\\\/de\\\/#\\\/schema\\\/person\\\/0d1a4402510d5ffa26dcb30a942708b2\",\"name\":\"Fabian Delarbre\",\"image\":{\"@type\":\"ImageObject\",\"inLanguage\":\"de\",\"@id\":\"https:\\\/\\\/secure.gravatar.com\\\/avatar\\\/9334616c7d1b6f2105ff49faafff30af9ea103fbf51fe51d908b6b0ee326e990?s=96&d=mm&r=g\",\"url\":\"https:\\\/\\\/secure.gravatar.com\\\/avatar\\\/9334616c7d1b6f2105ff49faafff30af9ea103fbf51fe51d908b6b0ee326e990?s=96&d=mm&r=g\",\"contentUrl\":\"https:\\\/\\\/secure.gravatar.com\\\/avatar\\\/9334616c7d1b6f2105ff49faafff30af9ea103fbf51fe51d908b6b0ee326e990?s=96&d=mm&r=g\",\"caption\":\"Fabian Delarbre\"},\"url\":\"https:\\\/\\\/banneux-nd.be\\\/de\\\/author\\\/sanctuaire\\\/\"}]}<\/script>\n<!-- \/ Yoast SEO plugin. -->","yoast_head_json":{"title":"Schlussfeier des Wallfahrtsjahres - Banneux Notre-Dame","robots":{"index":"index","follow":"follow","max-snippet":"max-snippet:-1","max-image-preview":"max-image-preview:large","max-video-preview":"max-video-preview:-1"},"canonical":"https:\/\/banneux-nd.be\/de\/schlussfeier-des-wallfahrtsjahres\/","og_locale":"de_DE","og_type":"article","og_title":"Schlussfeier des Wallfahrtsjahres - Banneux Notre-Dame","og_description":"Sonntag, 17. Oktober \u2013 Schlussfeier des Wallfahrtsjahres 8H30       Messe in Franz\u00f6sisch 11H15      Internationale Messe mit Bischof Jean-Pierre Delville aus L\u00fcttich.  14H00      Andacht  15H00      Krankensegen (International) 16H00      Messe in Franz\u00f6sisch 19H00      Rosenkranz","og_url":"https:\/\/banneux-nd.be\/de\/schlussfeier-des-wallfahrtsjahres\/","og_site_name":"Banneux Notre-Dame","article_publisher":"https:\/\/www.facebook.com\/NDBanneux\/","article_published_time":"2021-10-07T11:51:35+00:00","article_modified_time":"2021-10-07T11:51:37+00:00","og_image":[{"width":1920,"height":2560,"url":"https:\/\/banneux-nd.be\/wp-content\/uploads\/2021\/03\/DSC01249-scaled.jpg","type":"image\/jpeg"}],"author":"Fabian Delarbre","twitter_card":"summary_large_image","twitter_misc":{"Verfasst von":"Fabian Delarbre","Gesch\u00e4tzte Lesezeit":"1\u00a0Minute"},"schema":{"@context":"https:\/\/schema.org","@graph":[{"@type":"Article","@id":"https:\/\/banneux-nd.be\/de\/schlussfeier-des-wallfahrtsjahres\/#article","isPartOf":{"@id":"https:\/\/banneux-nd.be\/de\/schlussfeier-des-wallfahrtsjahres\/"},"author":{"name":"Fabian Delarbre","@id":"https:\/\/banneux-nd.be\/de\/#\/schema\/person\/0d1a4402510d5ffa26dcb30a942708b2"},"headline":"Schlussfeier des Wallfahrtsjahres","datePublished":"2021-10-07T11:51:35+00:00","dateModified":"2021-10-07T11:51:37+00:00","mainEntityOfPage":{"@id":"https:\/\/banneux-nd.be\/de\/schlussfeier-des-wallfahrtsjahres\/"},"wordCount":35,"commentCount":0,"image":{"@id":"https:\/\/banneux-nd.be\/de\/schlussfeier-des-wallfahrtsjahres\/#primaryimage"},"thumbnailUrl":"https:\/\/banneux-nd.be\/wp-content\/uploads\/2021\/03\/DSC01249-scaled.jpg","keywords":["heiligtum banneux","Jungfrau der Armen","Schlussfeier des Wallfahrtsjahres"],"articleSection":["A la Une","Gro\u00dfe liturgische Feste","Neuesten Nachrichten"],"inLanguage":"de","potentialAction":[{"@type":"CommentAction","name":"Comment","target":["https:\/\/banneux-nd.be\/de\/schlussfeier-des-wallfahrtsjahres\/#respond"]}]},{"@type":"WebPage","@id":"https:\/\/banneux-nd.be\/de\/schlussfeier-des-wallfahrtsjahres\/","url":"https:\/\/banneux-nd.be\/de\/schlussfeier-des-wallfahrtsjahres\/","name":"Schlussfeier des Wallfahrtsjahres - Banneux Notre-Dame","isPartOf":{"@id":"https:\/\/banneux-nd.be\/de\/#website"},"primaryImageOfPage":{"@id":"https:\/\/banneux-nd.be\/de\/schlussfeier-des-wallfahrtsjahres\/#primaryimage"},"image":{"@id":"https:\/\/banneux-nd.be\/de\/schlussfeier-des-wallfahrtsjahres\/#primaryimage"},"thumbnailUrl":"https:\/\/banneux-nd.be\/wp-content\/uploads\/2021\/03\/DSC01249-scaled.jpg","datePublished":"2021-10-07T11:51:35+00:00","dateModified":"2021-10-07T11:51:37+00:00","author":{"@id":"https:\/\/banneux-nd.be\/de\/#\/schema\/person\/0d1a4402510d5ffa26dcb30a942708b2"},"breadcrumb":{"@id":"https:\/\/banneux-nd.be\/de\/schlussfeier-des-wallfahrtsjahres\/#breadcrumb"},"inLanguage":"de","potentialAction":[{"@type":"ReadAction","target":["https:\/\/banneux-nd.be\/de\/schlussfeier-des-wallfahrtsjahres\/"]}]},{"@type":"ImageObject","inLanguage":"de","@id":"https:\/\/banneux-nd.be\/de\/schlussfeier-des-wallfahrtsjahres\/#primaryimage","url":"https:\/\/banneux-nd.be\/wp-content\/uploads\/2021\/03\/DSC01249-scaled.jpg","contentUrl":"https:\/\/banneux-nd.be\/wp-content\/uploads\/2021\/03\/DSC01249-scaled.jpg","width":1920,"height":2560},{"@type":"BreadcrumbList","@id":"https:\/\/banneux-nd.be\/de\/schlussfeier-des-wallfahrtsjahres\/#breadcrumb","itemListElement":[{"@type":"ListItem","position":1,"name":"Accueil","item":"https:\/\/banneux-nd.be\/de\/"},{"@type":"ListItem","position":2,"name":"Schlussfeier des Wallfahrtsjahres"}]},{"@type":"WebSite","@id":"https:\/\/banneux-nd.be\/de\/#website","url":"https:\/\/banneux-nd.be\/de\/","name":"Banneux Notre-Dame","description":"Sanctuaire de la Vierge des Pauvres (Belgique)","potentialAction":[{"@type":"SearchAction","target":{"@type":"EntryPoint","urlTemplate":"https:\/\/banneux-nd.be\/de\/?s={search_term_string}"},"query-input":{"@type":"PropertyValueSpecification","valueRequired":true,"valueName":"search_term_string"}}],"inLanguage":"de"},{"@type":"Person","@id":"https:\/\/banneux-nd.be\/de\/#\/schema\/person\/0d1a4402510d5ffa26dcb30a942708b2","name":"Fabian Delarbre","image":{"@type":"ImageObject","inLanguage":"de","@id":"https:\/\/secure.gravatar.com\/avatar\/9334616c7d1b6f2105ff49faafff30af9ea103fbf51fe51d908b6b0ee326e990?s=96&d=mm&r=g","url":"https:\/\/secure.gravatar.com\/avatar\/9334616c7d1b6f2105ff49faafff30af9ea103fbf51fe51d908b6b0ee326e990?s=96&d=mm&r=g","contentUrl":"https:\/\/secure.gravatar.com\/avatar\/9334616c7d1b6f2105ff49faafff30af9ea103fbf51fe51d908b6b0ee326e990?s=96&d=mm&r=g","caption":"Fabian Delarbre"},"url":"https:\/\/banneux-nd.be\/de\/author\/sanctuaire\/"}]}},"author_meta":{"display_name":"Fabian Delarbre","author_link":"https:\/\/banneux-nd.be\/de\/author\/sanctuaire\/"},"featured_img":"https:\/\/banneux-nd.be\/wp-content\/uploads\/2021\/03\/DSC01249-scaled-225x300.jpg","jetpack_publicize_connections":[],"jetpack_featured_media_url":"https:\/\/banneux-nd.be\/wp-content\/uploads\/2021\/03\/DSC01249-scaled.jpg","coauthors":[],"tax_additional":{"categories":{"linked":["<a href=\"https:\/\/banneux-nd.be\/de\/category\/a-la-une-de\/\" class=\"advgb-post-tax-term\">A la Une<\/a>","<a href=\"https:\/\/banneux-nd.be\/de\/category\/grandes-fetes-liturgiques-de\/\" class=\"advgb-post-tax-term\">Gro\u00dfe liturgische Feste<\/a>","<a href=\"https:\/\/banneux-nd.be\/de\/category\/a-la-une-de\/neuesten-nachrichten\/\" class=\"advgb-post-tax-term\">Neuesten Nachrichten<\/a>"],"unlinked":["<span class=\"advgb-post-tax-term\">A la Une<\/span>","<span class=\"advgb-post-tax-term\">Gro\u00dfe liturgische Feste<\/span>","<span class=\"advgb-post-tax-term\">Neuesten Nachrichten<\/span>"]},"tags":{"linked":["<a href=\"https:\/\/banneux-nd.be\/de\/category\/a-la-une-de\/neuesten-nachrichten\/\" class=\"advgb-post-tax-term\">heiligtum banneux<\/a>","<a href=\"https:\/\/banneux-nd.be\/de\/category\/a-la-une-de\/neuesten-nachrichten\/\" class=\"advgb-post-tax-term\">Jungfrau der Armen<\/a>","<a href=\"https:\/\/banneux-nd.be\/de\/category\/a-la-une-de\/neuesten-nachrichten\/\" class=\"advgb-post-tax-term\">Schlussfeier des Wallfahrtsjahres<\/a>"],"unlinked":["<span class=\"advgb-post-tax-term\">heiligtum banneux<\/span>","<span class=\"advgb-post-tax-term\">Jungfrau der Armen<\/span>","<span class=\"advgb-post-tax-term\">Schlussfeier des Wallfahrtsjahres<\/span>"]}},"comment_count":"0","relative_dates":{"created":"Ver\u00f6ffentlicht 5\u00a0Jahren vor","modified":"Aktualisiert 5\u00a0Jahren vor"},"absolute_dates":{"created":"Ver\u00f6ffentlicht am 7. Oktober 2021","modified":"Aktualisiert am 7. Oktober 2021"},"absolute_dates_time":{"created":"Ver\u00f6ffentlicht am 7. Oktober 2021 13:51","modified":"Aktualisiert am 7. Oktober 2021 13:51"},"featured_img_caption":"","series_order":"","jetpack_sharing_enabled":true,"_links":{"self":[{"href":"https:\/\/banneux-nd.be\/de\/wp-json\/wp\/v2\/posts\/15927","targetHints":{"allow":["GET"]}}],"collection":[{"href":"https:\/\/banneux-nd.be\/de\/wp-json\/wp\/v2\/posts"}],"about":[{"href":"https:\/\/banneux-nd.be\/de\/wp-json\/wp\/v2\/types\/post"}],"author":[{"embeddable":true,"href":"https:\/\/banneux-nd.be\/de\/wp-json\/wp\/v2\/users\/10"}],"replies":[{"embeddable":true,"href":"https:\/\/banneux-nd.be\/de\/wp-json\/wp\/v2\/comments?post=15927"}],"version-history":[{"count":2,"href":"https:\/\/banneux-nd.be\/de\/wp-json\/wp\/v2\/posts\/15927\/revisions"}],"predecessor-version":[{"id":15929,"href":"https:\/\/banneux-nd.be\/de\/wp-json\/wp\/v2\/posts\/15927\/revisions\/15929"}],"wp:featuredmedia":[{"embeddable":true,"href":"https:\/\/banneux-nd.be\/de\/wp-json\/wp\/v2\/media\/14718"}],"wp:attachment":[{"href":"https:\/\/banneux-nd.be\/de\/wp-json\/wp\/v2\/media?parent=15927"}],"wp:term":[{"taxonomy":"category","embeddable":true,"href":"https:\/\/banneux-nd.be\/de\/wp-json\/wp\/v2\/categories?post=15927"},{"taxonomy":"post_tag","embeddable":true,"href":"https:\/\/banneux-nd.be\/de\/wp-json\/wp\/v2\/tags?post=15927"}],"curies":[{"name":"wp","href":"https:\/\/api.w.org\/{rel}","templated":true}]}}