{"id":20694,"date":"2026-04-28T09:00:51","date_gmt":"2026-04-28T07:00:51","guid":{"rendered":"https:\/\/banneux-nd.be\/?p=20694"},"modified":"2026-04-28T09:00:51","modified_gmt":"2026-04-28T07:00:51","slug":"1-mai-ouverture-de-la-saison-des-pelerinages-et-marche-des-vocations","status":"publish","type":"post","link":"https:\/\/banneux-nd.be\/it\/1-mai-ouverture-de-la-saison-des-pelerinages-et-marche-des-vocations\/","title":{"rendered":"1 mai ouverture de la Saison des p\u00e8lerinages  et Marche des Vocations"},"content":{"rendered":"<div class=\"x14z9mp xat24cr x1lziwak x1vvkbs xtlvy1s x126k92a\">\n<h2 dir=\"auto\"><img fetchpriority=\"high\" decoding=\"async\" class=\"aligncenter  wp-image-20440\" src=\"https:\/\/banneux-nd.be\/wp-content\/uploads\/2026\/01\/Logo-Theme-Annee-2026-1024x1024.png\" alt=\"\" width=\"367\" height=\"367\" srcset=\"https:\/\/banneux-nd.be\/wp-content\/uploads\/2026\/01\/Logo-Theme-Annee-2026-1024x1024.png 1024w, https:\/\/banneux-nd.be\/wp-content\/uploads\/2026\/01\/Logo-Theme-Annee-2026-300x300.png 300w, https:\/\/banneux-nd.be\/wp-content\/uploads\/2026\/01\/Logo-Theme-Annee-2026-150x150.png 150w, https:\/\/banneux-nd.be\/wp-content\/uploads\/2026\/01\/Logo-Theme-Annee-2026-768x768.png 768w, https:\/\/banneux-nd.be\/wp-content\/uploads\/2026\/01\/Logo-Theme-Annee-2026-1536x1536.png 1536w, https:\/\/banneux-nd.be\/wp-content\/uploads\/2026\/01\/Logo-Theme-Annee-2026.png 1600w\" sizes=\"(max-width: 367px) 100vw, 367px\" \/><\/h2>\n<h2 dir=\"auto\" style=\"text-align: center;\"><span style=\"color: #000080;\">Ouverture de la saison des p\u00e8lerinages<\/span><\/h2>\n<h2 dir=\"auto\" style=\"text-align: center;\"><span style=\"color: #000080;\">CONDUIS NOS PAS AU CHEMIN DE LA PAIX<\/span><\/h2>\n<h4 dir=\"auto\"><\/h4>\n<\/div>\n<div class=\"x14z9mp xat24cr x1lziwak x1vvkbs xtlvy1s x126k92a\">\n<h4 dir=\"auto\"><span style=\"color: #000080;\">8H30\u00a0 \u00a0 \u00a0 Messe en fran\u00e7ais<\/span><\/h4>\n<h4 dir=\"auto\"><span style=\"color: #000080;\">9H30\u00a0 \u00a0 \u00a0 Messe en allemand<\/span><\/h4>\n<h4 dir=\"auto\"><span style=\"color: #000080;\">10H30\u00a0 \u00a0 \u00a0 Messe internationale pr\u00e9sid\u00e9e par Mgr Delville, \u00e9v\u00eaque de Li\u00e8ge<\/span><\/h4>\n<h4 dir=\"auto\"><span style=\"color: #000080;\">11H15\u00a0 \u00a0 \u00a0 Messe en fran\u00e7ais<\/span><\/h4>\n<h4 dir=\"auto\"><span style=\"color: #000080;\">15H00\u00a0 \u00a0 \u00a0 B\u00e9n\u00e9diction des malades. (international)<\/span><\/h4>\n<h4 dir=\"auto\"><span style=\"color: #000080;\">16H00\u00a0 \u00a0 \u00a0 Messe pour les Vocations pr\u00e9sid\u00e9e par Mgr Luc Terlinden, archev\u00eaque de Malines-Bruxelles.<\/span><\/h4>\n<h4 dir=\"auto\"><span style=\"color: #000080;\">19H00\u00a0 \u00a0 \u00a0 Rosaire.<\/span><\/h4>\n<h4 dir=\"auto\"><span style=\"color: #000080;\">20H00\u00a0 \u00a0 \u00a0 Procession aux flambeaux. (international)<\/span><\/h4>\n<\/div>\n<div dir=\"auto\"><\/div>\n<div dir=\"auto\"><img decoding=\"async\" class=\"aligncenter  wp-image-20695 lazyload\" data-src=\"https:\/\/banneux-nd.be\/wp-content\/uploads\/2026\/04\/2026-1-687x1024.png\" alt=\"\" width=\"531\" height=\"791\" src=\"data:image\/svg+xml;base64,PHN2ZyB3aWR0aD0iMSIgaGVpZ2h0PSIxIiB4bWxucz0iaHR0cDovL3d3dy53My5vcmcvMjAwMC9zdmciPjwvc3ZnPg==\" style=\"--smush-placeholder-width: 531px; --smush-placeholder-aspect-ratio: 531\/791;\" \/><\/div>\n","protected":false},"excerpt":{"rendered":"<p>Ouverture de la saison des p\u00e8lerinages<br \/>\nCONDUIS NOS PAS AU CHEMIN DE LA PAIX<\/p>\n<p>8H30\u00a0 \u00a0 \u00a0 Messe en fran\u00e7ais<br \/>\n9H30\u00a0 \u00a0 \u00a0 Messe en allemand<br \/>\n10H30\u00a0 \u00a0 \u00a0 Messe internationale pr\u00e9sid\u00e9e par Mgr Delville, \u00e9v\u00eaque de Li\u00e8ge<br \/>\n11H15\u00a0 \u00a0 \u00a0 Messe en fran\u00e7ais<br \/>\n15H00\u00a0 \u00a0 \u00a0 B\u00e9n\u00e9diction des malades. (international)<br \/>\n16H00\u00a0 \u00a0 \u00a0 Messe pour les Vocations pr\u00e9sid\u00e9e par Mgr Luc Terlinden, archev\u00eaque de Malines-Bruxelles.<br \/>\n19H00\u00a0 \u00a0 \u00a0 Rosaire.<br \/>\n20H00\u00a0 \u00a0 \u00a0 Procession aux flambeaux. (international)<\/p>\n","protected":false},"author":10,"featured_media":20695,"comment_status":"open","ping_status":"open","sticky":false,"template":"","format":"standard","meta":{"advgb_blocks_editor_width":"","advgb_blocks_columns_visual_guide":"","jetpack_post_was_ever_published":false,"_jetpack_newsletter_access":"","_jetpack_dont_email_post_to_subs":false,"_jetpack_newsletter_tier_id":0,"_jetpack_memberships_contains_paywalled_content":false,"_jetpack_memberships_contains_paid_content":false,"footnotes":"","jetpack_publicize_message":"","jetpack_publicize_feature_enabled":true,"jetpack_social_post_already_shared":true,"jetpack_social_options":{"image_generator_settings":{"template":"highway","default_image_id":0,"font":"","enabled":false},"version":2}},"categories":[48,98],"tags":[386,72,385,209,194],"class_list":["post-20694","post","type-post","status-publish","format-standard","has-post-thumbnail","hentry","category-a-la-une","category-grandes-fetes-liturgiques","tag-marche-des-vocations","tag-mgr-jean-pierre-delville","tag-paix","tag-sanctuaire-de-banneux","tag-vierge-des-pauvres"],"yoast_head":"<!-- This site is optimized with the Yoast SEO plugin v27.5 - https:\/\/yoast.com\/product\/yoast-seo-wordpress\/ -->\n<title>1 mai ouverture de la Saison des p\u00e8lerinages et Marche des Vocations - Banneux Notre-Dame<\/title>\n<meta name=\"robots\" content=\"index, follow, max-snippet:-1, max-image-preview:large, max-video-preview:-1\" \/>\n<link rel=\"canonical\" href=\"https:\/\/banneux-nd.be\/it\/1-mai-ouverture-de-la-saison-des-pelerinages-et-marche-des-vocations\/\" \/>\n<meta property=\"og:locale\" content=\"it_IT\" \/>\n<meta property=\"og:type\" content=\"article\" \/>\n<meta property=\"og:title\" content=\"1 mai ouverture de la Saison des p\u00e8lerinages et Marche des Vocations - Banneux Notre-Dame\" \/>\n<meta property=\"og:description\" content=\"Ouverture de la saison des p\u00e8lerinages CONDUIS NOS PAS AU CHEMIN DE LA PAIX   8H30\u00a0 \u00a0 \u00a0 Messe en fran\u00e7ais 9H30\u00a0 \u00a0 \u00a0 Messe en allemand 10H30\u00a0 \u00a0 \u00a0 Messe internationale pr\u00e9sid\u00e9e par Mgr Delville, \u00e9v\u00eaque de Li\u00e8ge 11H15\u00a0 \u00a0 \u00a0 Messe en fran\u00e7ais 15H00\u00a0 \u00a0 \u00a0 B\u00e9n\u00e9diction des malades. (international) 16H00\u00a0 \u00a0 \u00a0 Messe pour les Vocations pr\u00e9sid\u00e9e par Mgr Luc Terlinden, archev\u00eaque de Malines-Bruxelles. 19H00\u00a0 \u00a0 \u00a0 Rosaire. 20H00\u00a0 \u00a0 \u00a0 Procession aux flambeaux. (international)\" \/>\n<meta property=\"og:url\" content=\"https:\/\/banneux-nd.be\/it\/1-mai-ouverture-de-la-saison-des-pelerinages-et-marche-des-vocations\/\" \/>\n<meta property=\"og:site_name\" content=\"Banneux Notre-Dame\" \/>\n<meta property=\"article:publisher\" content=\"https:\/\/www.facebook.com\/NDBanneux\/\" \/>\n<meta property=\"article:published_time\" content=\"2026-04-28T07:00:51+00:00\" \/>\n<meta property=\"og:image\" content=\"https:\/\/banneux-nd.be\/wp-content\/uploads\/2026\/04\/2026-1-scaled.png\" \/>\n\t<meta property=\"og:image:width\" content=\"1374\" \/>\n\t<meta property=\"og:image:height\" content=\"2048\" \/>\n\t<meta property=\"og:image:type\" content=\"image\/png\" \/>\n<meta name=\"author\" content=\"Fabian Delarbre\" \/>\n<meta name=\"twitter:card\" content=\"summary_large_image\" \/>\n<meta name=\"twitter:label1\" content=\"Scritto da\" \/>\n\t<meta name=\"twitter:data1\" content=\"Fabian Delarbre\" \/>\n\t<meta name=\"twitter:label2\" content=\"Tempo di lettura stimato\" \/>\n\t<meta name=\"twitter:data2\" content=\"1 minuto\" \/>\n<script type=\"application\/ld+json\" class=\"yoast-schema-graph\">{\"@context\":\"https:\\\/\\\/schema.org\",\"@graph\":[{\"@type\":\"Article\",\"@id\":\"https:\\\/\\\/banneux-nd.be\\\/it\\\/1-mai-ouverture-de-la-saison-des-pelerinages-et-marche-des-vocations\\\/#article\",\"isPartOf\":{\"@id\":\"https:\\\/\\\/banneux-nd.be\\\/it\\\/1-mai-ouverture-de-la-saison-des-pelerinages-et-marche-des-vocations\\\/\"},\"author\":{\"name\":\"Fabian Delarbre\",\"@id\":\"https:\\\/\\\/banneux-nd.be\\\/it\\\/#\\\/schema\\\/person\\\/0d1a4402510d5ffa26dcb30a942708b2\"},\"headline\":\"1 mai ouverture de la Saison des p\u00e8lerinages et Marche des Vocations\",\"datePublished\":\"2026-04-28T07:00:51+00:00\",\"mainEntityOfPage\":{\"@id\":\"https:\\\/\\\/banneux-nd.be\\\/it\\\/1-mai-ouverture-de-la-saison-des-pelerinages-et-marche-des-vocations\\\/\"},\"wordCount\":85,\"commentCount\":0,\"image\":{\"@id\":\"https:\\\/\\\/banneux-nd.be\\\/it\\\/1-mai-ouverture-de-la-saison-des-pelerinages-et-marche-des-vocations\\\/#primaryimage\"},\"thumbnailUrl\":\"https:\\\/\\\/banneux-nd.be\\\/wp-content\\\/uploads\\\/2026\\\/04\\\/2026-1-scaled.png\",\"keywords\":[\"Marche des vocations\",\"Mgr Jean-Pierre Delville\",\"Paix\",\"Sanctuaire de Banneux\",\"Vierge des Pauvres\"],\"articleSection\":[\"A la Une\",\"Grandes f\u00eates liturgiques\"],\"inLanguage\":\"it-IT\",\"potentialAction\":[{\"@type\":\"CommentAction\",\"name\":\"Comment\",\"target\":[\"https:\\\/\\\/banneux-nd.be\\\/it\\\/1-mai-ouverture-de-la-saison-des-pelerinages-et-marche-des-vocations\\\/#respond\"]}]},{\"@type\":\"WebPage\",\"@id\":\"https:\\\/\\\/banneux-nd.be\\\/it\\\/1-mai-ouverture-de-la-saison-des-pelerinages-et-marche-des-vocations\\\/\",\"url\":\"https:\\\/\\\/banneux-nd.be\\\/it\\\/1-mai-ouverture-de-la-saison-des-pelerinages-et-marche-des-vocations\\\/\",\"name\":\"1 mai ouverture de la Saison des p\u00e8lerinages et Marche des Vocations - Banneux Notre-Dame\",\"isPartOf\":{\"@id\":\"https:\\\/\\\/banneux-nd.be\\\/it\\\/#website\"},\"primaryImageOfPage\":{\"@id\":\"https:\\\/\\\/banneux-nd.be\\\/it\\\/1-mai-ouverture-de-la-saison-des-pelerinages-et-marche-des-vocations\\\/#primaryimage\"},\"image\":{\"@id\":\"https:\\\/\\\/banneux-nd.be\\\/it\\\/1-mai-ouverture-de-la-saison-des-pelerinages-et-marche-des-vocations\\\/#primaryimage\"},\"thumbnailUrl\":\"https:\\\/\\\/banneux-nd.be\\\/wp-content\\\/uploads\\\/2026\\\/04\\\/2026-1-scaled.png\",\"datePublished\":\"2026-04-28T07:00:51+00:00\",\"author\":{\"@id\":\"https:\\\/\\\/banneux-nd.be\\\/it\\\/#\\\/schema\\\/person\\\/0d1a4402510d5ffa26dcb30a942708b2\"},\"breadcrumb\":{\"@id\":\"https:\\\/\\\/banneux-nd.be\\\/it\\\/1-mai-ouverture-de-la-saison-des-pelerinages-et-marche-des-vocations\\\/#breadcrumb\"},\"inLanguage\":\"it-IT\",\"potentialAction\":[{\"@type\":\"ReadAction\",\"target\":[\"https:\\\/\\\/banneux-nd.be\\\/it\\\/1-mai-ouverture-de-la-saison-des-pelerinages-et-marche-des-vocations\\\/\"]}]},{\"@type\":\"ImageObject\",\"inLanguage\":\"it-IT\",\"@id\":\"https:\\\/\\\/banneux-nd.be\\\/it\\\/1-mai-ouverture-de-la-saison-des-pelerinages-et-marche-des-vocations\\\/#primaryimage\",\"url\":\"https:\\\/\\\/banneux-nd.be\\\/wp-content\\\/uploads\\\/2026\\\/04\\\/2026-1-scaled.png\",\"contentUrl\":\"https:\\\/\\\/banneux-nd.be\\\/wp-content\\\/uploads\\\/2026\\\/04\\\/2026-1-scaled.png\",\"width\":1374,\"height\":2048},{\"@type\":\"BreadcrumbList\",\"@id\":\"https:\\\/\\\/banneux-nd.be\\\/it\\\/1-mai-ouverture-de-la-saison-des-pelerinages-et-marche-des-vocations\\\/#breadcrumb\",\"itemListElement\":[{\"@type\":\"ListItem\",\"position\":1,\"name\":\"Accueil\",\"item\":\"https:\\\/\\\/banneux-nd.be\\\/it\\\/\"},{\"@type\":\"ListItem\",\"position\":2,\"name\":\"1 mai ouverture de la Saison des p\u00e8lerinages et Marche des Vocations\"}]},{\"@type\":\"WebSite\",\"@id\":\"https:\\\/\\\/banneux-nd.be\\\/it\\\/#website\",\"url\":\"https:\\\/\\\/banneux-nd.be\\\/it\\\/\",\"name\":\"Banneux Notre-Dame\",\"description\":\"Sanctuaire de la Vierge des Pauvres (Belgique)\",\"potentialAction\":[{\"@type\":\"SearchAction\",\"target\":{\"@type\":\"EntryPoint\",\"urlTemplate\":\"https:\\\/\\\/banneux-nd.be\\\/it\\\/?s={search_term_string}\"},\"query-input\":{\"@type\":\"PropertyValueSpecification\",\"valueRequired\":true,\"valueName\":\"search_term_string\"}}],\"inLanguage\":\"it-IT\"},{\"@type\":\"Person\",\"@id\":\"https:\\\/\\\/banneux-nd.be\\\/it\\\/#\\\/schema\\\/person\\\/0d1a4402510d5ffa26dcb30a942708b2\",\"name\":\"Fabian Delarbre\",\"image\":{\"@type\":\"ImageObject\",\"inLanguage\":\"it-IT\",\"@id\":\"https:\\\/\\\/secure.gravatar.com\\\/avatar\\\/9334616c7d1b6f2105ff49faafff30af9ea103fbf51fe51d908b6b0ee326e990?s=96&d=mm&r=g\",\"url\":\"https:\\\/\\\/secure.gravatar.com\\\/avatar\\\/9334616c7d1b6f2105ff49faafff30af9ea103fbf51fe51d908b6b0ee326e990?s=96&d=mm&r=g\",\"contentUrl\":\"https:\\\/\\\/secure.gravatar.com\\\/avatar\\\/9334616c7d1b6f2105ff49faafff30af9ea103fbf51fe51d908b6b0ee326e990?s=96&d=mm&r=g\",\"caption\":\"Fabian Delarbre\"},\"url\":\"https:\\\/\\\/banneux-nd.be\\\/it\\\/author\\\/sanctuaire\\\/\"}]}<\/script>\n<!-- \/ Yoast SEO plugin. -->","yoast_head_json":{"title":"1 mai ouverture de la Saison des p\u00e8lerinages et Marche des Vocations - Banneux Notre-Dame","robots":{"index":"index","follow":"follow","max-snippet":"max-snippet:-1","max-image-preview":"max-image-preview:large","max-video-preview":"max-video-preview:-1"},"canonical":"https:\/\/banneux-nd.be\/it\/1-mai-ouverture-de-la-saison-des-pelerinages-et-marche-des-vocations\/","og_locale":"it_IT","og_type":"article","og_title":"1 mai ouverture de la Saison des p\u00e8lerinages et Marche des Vocations - Banneux Notre-Dame","og_description":"Ouverture de la saison des p\u00e8lerinages CONDUIS NOS PAS AU CHEMIN DE LA PAIX   8H30\u00a0 \u00a0 \u00a0 Messe en fran\u00e7ais 9H30\u00a0 \u00a0 \u00a0 Messe en allemand 10H30\u00a0 \u00a0 \u00a0 Messe internationale pr\u00e9sid\u00e9e par Mgr Delville, \u00e9v\u00eaque de Li\u00e8ge 11H15\u00a0 \u00a0 \u00a0 Messe en fran\u00e7ais 15H00\u00a0 \u00a0 \u00a0 B\u00e9n\u00e9diction des malades. (international) 16H00\u00a0 \u00a0 \u00a0 Messe pour les Vocations pr\u00e9sid\u00e9e par Mgr Luc Terlinden, archev\u00eaque de Malines-Bruxelles. 19H00\u00a0 \u00a0 \u00a0 Rosaire. 20H00\u00a0 \u00a0 \u00a0 Procession aux flambeaux. (international)","og_url":"https:\/\/banneux-nd.be\/it\/1-mai-ouverture-de-la-saison-des-pelerinages-et-marche-des-vocations\/","og_site_name":"Banneux Notre-Dame","article_publisher":"https:\/\/www.facebook.com\/NDBanneux\/","article_published_time":"2026-04-28T07:00:51+00:00","og_image":[{"width":1374,"height":2048,"url":"https:\/\/banneux-nd.be\/wp-content\/uploads\/2026\/04\/2026-1-scaled.png","type":"image\/png"}],"author":"Fabian Delarbre","twitter_card":"summary_large_image","twitter_misc":{"Scritto da":"Fabian Delarbre","Tempo di lettura stimato":"1 minuto"},"schema":{"@context":"https:\/\/schema.org","@graph":[{"@type":"Article","@id":"https:\/\/banneux-nd.be\/it\/1-mai-ouverture-de-la-saison-des-pelerinages-et-marche-des-vocations\/#article","isPartOf":{"@id":"https:\/\/banneux-nd.be\/it\/1-mai-ouverture-de-la-saison-des-pelerinages-et-marche-des-vocations\/"},"author":{"name":"Fabian Delarbre","@id":"https:\/\/banneux-nd.be\/it\/#\/schema\/person\/0d1a4402510d5ffa26dcb30a942708b2"},"headline":"1 mai ouverture de la Saison des p\u00e8lerinages et Marche des Vocations","datePublished":"2026-04-28T07:00:51+00:00","mainEntityOfPage":{"@id":"https:\/\/banneux-nd.be\/it\/1-mai-ouverture-de-la-saison-des-pelerinages-et-marche-des-vocations\/"},"wordCount":85,"commentCount":0,"image":{"@id":"https:\/\/banneux-nd.be\/it\/1-mai-ouverture-de-la-saison-des-pelerinages-et-marche-des-vocations\/#primaryimage"},"thumbnailUrl":"https:\/\/banneux-nd.be\/wp-content\/uploads\/2026\/04\/2026-1-scaled.png","keywords":["Marche des vocations","Mgr Jean-Pierre Delville","Paix","Sanctuaire de Banneux","Vierge des Pauvres"],"articleSection":["A la Une","Grandes f\u00eates liturgiques"],"inLanguage":"it-IT","potentialAction":[{"@type":"CommentAction","name":"Comment","target":["https:\/\/banneux-nd.be\/it\/1-mai-ouverture-de-la-saison-des-pelerinages-et-marche-des-vocations\/#respond"]}]},{"@type":"WebPage","@id":"https:\/\/banneux-nd.be\/it\/1-mai-ouverture-de-la-saison-des-pelerinages-et-marche-des-vocations\/","url":"https:\/\/banneux-nd.be\/it\/1-mai-ouverture-de-la-saison-des-pelerinages-et-marche-des-vocations\/","name":"1 mai ouverture de la Saison des p\u00e8lerinages et Marche des Vocations - Banneux Notre-Dame","isPartOf":{"@id":"https:\/\/banneux-nd.be\/it\/#website"},"primaryImageOfPage":{"@id":"https:\/\/banneux-nd.be\/it\/1-mai-ouverture-de-la-saison-des-pelerinages-et-marche-des-vocations\/#primaryimage"},"image":{"@id":"https:\/\/banneux-nd.be\/it\/1-mai-ouverture-de-la-saison-des-pelerinages-et-marche-des-vocations\/#primaryimage"},"thumbnailUrl":"https:\/\/banneux-nd.be\/wp-content\/uploads\/2026\/04\/2026-1-scaled.png","datePublished":"2026-04-28T07:00:51+00:00","author":{"@id":"https:\/\/banneux-nd.be\/it\/#\/schema\/person\/0d1a4402510d5ffa26dcb30a942708b2"},"breadcrumb":{"@id":"https:\/\/banneux-nd.be\/it\/1-mai-ouverture-de-la-saison-des-pelerinages-et-marche-des-vocations\/#breadcrumb"},"inLanguage":"it-IT","potentialAction":[{"@type":"ReadAction","target":["https:\/\/banneux-nd.be\/it\/1-mai-ouverture-de-la-saison-des-pelerinages-et-marche-des-vocations\/"]}]},{"@type":"ImageObject","inLanguage":"it-IT","@id":"https:\/\/banneux-nd.be\/it\/1-mai-ouverture-de-la-saison-des-pelerinages-et-marche-des-vocations\/#primaryimage","url":"https:\/\/banneux-nd.be\/wp-content\/uploads\/2026\/04\/2026-1-scaled.png","contentUrl":"https:\/\/banneux-nd.be\/wp-content\/uploads\/2026\/04\/2026-1-scaled.png","width":1374,"height":2048},{"@type":"BreadcrumbList","@id":"https:\/\/banneux-nd.be\/it\/1-mai-ouverture-de-la-saison-des-pelerinages-et-marche-des-vocations\/#breadcrumb","itemListElement":[{"@type":"ListItem","position":1,"name":"Accueil","item":"https:\/\/banneux-nd.be\/it\/"},{"@type":"ListItem","position":2,"name":"1 mai ouverture de la Saison des p\u00e8lerinages et Marche des Vocations"}]},{"@type":"WebSite","@id":"https:\/\/banneux-nd.be\/it\/#website","url":"https:\/\/banneux-nd.be\/it\/","name":"Banneux Notre-Dame","description":"Sanctuaire de la Vierge des Pauvres (Belgique)","potentialAction":[{"@type":"SearchAction","target":{"@type":"EntryPoint","urlTemplate":"https:\/\/banneux-nd.be\/it\/?s={search_term_string}"},"query-input":{"@type":"PropertyValueSpecification","valueRequired":true,"valueName":"search_term_string"}}],"inLanguage":"it-IT"},{"@type":"Person","@id":"https:\/\/banneux-nd.be\/it\/#\/schema\/person\/0d1a4402510d5ffa26dcb30a942708b2","name":"Fabian Delarbre","image":{"@type":"ImageObject","inLanguage":"it-IT","@id":"https:\/\/secure.gravatar.com\/avatar\/9334616c7d1b6f2105ff49faafff30af9ea103fbf51fe51d908b6b0ee326e990?s=96&d=mm&r=g","url":"https:\/\/secure.gravatar.com\/avatar\/9334616c7d1b6f2105ff49faafff30af9ea103fbf51fe51d908b6b0ee326e990?s=96&d=mm&r=g","contentUrl":"https:\/\/secure.gravatar.com\/avatar\/9334616c7d1b6f2105ff49faafff30af9ea103fbf51fe51d908b6b0ee326e990?s=96&d=mm&r=g","caption":"Fabian Delarbre"},"url":"https:\/\/banneux-nd.be\/it\/author\/sanctuaire\/"}]}},"author_meta":{"display_name":"Fabian Delarbre","author_link":"https:\/\/banneux-nd.be\/it\/author\/sanctuaire\/"},"featured_img":"https:\/\/banneux-nd.be\/wp-content\/uploads\/2026\/04\/2026-1-scaled-201x300.png","jetpack_publicize_connections":[],"jetpack_featured_media_url":"https:\/\/banneux-nd.be\/wp-content\/uploads\/2026\/04\/2026-1-scaled.png","coauthors":[],"tax_additional":{"categories":{"linked":["<a href=\"https:\/\/banneux-nd.be\/fr\/category\/a-la-une\/\" class=\"advgb-post-tax-term\">A la Une<\/a>","<a href=\"https:\/\/banneux-nd.be\/fr\/category\/grandes-fetes-liturgiques\/\" class=\"advgb-post-tax-term\">Grandes f\u00eates liturgiques<\/a>"],"unlinked":["<span class=\"advgb-post-tax-term\">A la Une<\/span>","<span class=\"advgb-post-tax-term\">Grandes f\u00eates liturgiques<\/span>"]},"tags":{"linked":["<a href=\"https:\/\/banneux-nd.be\/fr\/category\/grandes-fetes-liturgiques\/\" class=\"advgb-post-tax-term\">Marche des vocations<\/a>","<a href=\"https:\/\/banneux-nd.be\/fr\/category\/grandes-fetes-liturgiques\/\" class=\"advgb-post-tax-term\">Mgr Jean-Pierre Delville<\/a>","<a href=\"https:\/\/banneux-nd.be\/fr\/category\/grandes-fetes-liturgiques\/\" class=\"advgb-post-tax-term\">Paix<\/a>","<a href=\"https:\/\/banneux-nd.be\/fr\/category\/grandes-fetes-liturgiques\/\" class=\"advgb-post-tax-term\">Sanctuaire de Banneux<\/a>","<a href=\"https:\/\/banneux-nd.be\/fr\/category\/grandes-fetes-liturgiques\/\" class=\"advgb-post-tax-term\">Vierge des Pauvres<\/a>"],"unlinked":["<span class=\"advgb-post-tax-term\">Marche des vocations<\/span>","<span class=\"advgb-post-tax-term\">Mgr Jean-Pierre Delville<\/span>","<span class=\"advgb-post-tax-term\">Paix<\/span>","<span class=\"advgb-post-tax-term\">Sanctuaire de Banneux<\/span>","<span class=\"advgb-post-tax-term\">Vierge des Pauvres<\/span>"]}},"comment_count":"0","relative_dates":{"created":"Pubblicato 4 ore fa","modified":"Aggiornato 4 ore fa"},"absolute_dates":{"created":"Pubblicato il 28 Aprile 2026","modified":"Aggiornato il 28 Aprile 2026"},"absolute_dates_time":{"created":"Pubblicato il 28 Aprile 2026 9:00","modified":"Aggiornato il 28 Aprile 2026 9:00"},"featured_img_caption":"","series_order":"","jetpack_sharing_enabled":true,"_links":{"self":[{"href":"https:\/\/banneux-nd.be\/it\/wp-json\/wp\/v2\/posts\/20694","targetHints":{"allow":["GET"]}}],"collection":[{"href":"https:\/\/banneux-nd.be\/it\/wp-json\/wp\/v2\/posts"}],"about":[{"href":"https:\/\/banneux-nd.be\/it\/wp-json\/wp\/v2\/types\/post"}],"author":[{"embeddable":true,"href":"https:\/\/banneux-nd.be\/it\/wp-json\/wp\/v2\/users\/10"}],"replies":[{"embeddable":true,"href":"https:\/\/banneux-nd.be\/it\/wp-json\/wp\/v2\/comments?post=20694"}],"version-history":[{"count":2,"href":"https:\/\/banneux-nd.be\/it\/wp-json\/wp\/v2\/posts\/20694\/revisions"}],"predecessor-version":[{"id":20703,"href":"https:\/\/banneux-nd.be\/it\/wp-json\/wp\/v2\/posts\/20694\/revisions\/20703"}],"wp:featuredmedia":[{"embeddable":true,"href":"https:\/\/banneux-nd.be\/it\/wp-json\/wp\/v2\/media\/20695"}],"wp:attachment":[{"href":"https:\/\/banneux-nd.be\/it\/wp-json\/wp\/v2\/media?parent=20694"}],"wp:term":[{"taxonomy":"category","embeddable":true,"href":"https:\/\/banneux-nd.be\/it\/wp-json\/wp\/v2\/categories?post=20694"},{"taxonomy":"post_tag","embeddable":true,"href":"https:\/\/banneux-nd.be\/it\/wp-json\/wp\/v2\/tags?post=20694"}],"curies":[{"name":"wp","href":"https:\/\/api.w.org\/{rel}","templated":true}]}}